{"id":139565,"date":"2023-10-23T10:50:30","date_gmt":"2023-10-23T13:50:30","guid":{"rendered":"https:\/\/senoticias.com.br\/se\/?p=139565"},"modified":"2023-10-23T10:50:43","modified_gmt":"2023-10-23T13:50:43","slug":"semana-da-sergipanidade-na-praca-fausto-cardoso-inicia-nesta-segunda","status":"publish","type":"post","link":"https:\/\/senoticias.com.br\/se\/semana-da-sergipanidade-na-praca-fausto-cardoso-inicia-nesta-segunda\/","title":{"rendered":"Semana da Sergipanidade na Pra\u00e7a Fausto Cardoso inicia nesta segunda"},"content":{"rendered":"\n<p>Criado para reafirmar a identidade do povo sergipano, o Dia da Sergipanidade (24 de outubro) \u00e9 um marco de celebra\u00e7\u00f5es \u00e0 cultura, \u00e0 hist\u00f3ria, \u00e0s tradi\u00e7\u00f5es e aos saberes e fazeres que caracterizam Sergipe e que despertam muito orgulho. Para estimular esse pertencimento identit\u00e1rio, o Instituto Banese, atrav\u00e9s do Museu da Gente Sergipana, e o Governo de Sergipe realizar\u00e3o nos dias 24, 25 e 27, uma programa\u00e7\u00e3o alusiva \u00e0 data com homenagens, a\u00e7\u00f5es educativas, apresenta\u00e7\u00f5es musicais e a inaugura\u00e7\u00e3o da Exposi\u00e7\u00e3o Cores da Gente \u2013 Imers\u00e3o e Emo\u00e7\u00e3o, que conta com o patroc\u00ednio do Grupo Energisa, atrav\u00e9s da Lei de Incentivo \u00e0 Cultura, e apoio cultural do Instituto Energisa e da TV Sergipe.<\/p>\n\n\n\n<figure class=\"wp-block-image size-large\"><img loading=\"lazy\" decoding=\"async\" width=\"1024\" height=\"682\" src=\"https:\/\/senoticias.com.br\/se\/wp-content\/uploads\/2023\/10\/WhatsApp-Image-2023-10-23-at-10.25.36-1024x682.jpeg\" alt=\"\" class=\"wp-image-139566\"\/><figcaption>Programa\u00e7\u00e3o ser\u00e1 marcada pela abertura da Exposi\u00e7\u00e3o Cores da Gente \u2013 Foto: ascom\/Instituto Banse<\/figcaption><\/figure>\n\n\n\n<p>As atividades ter\u00e3o in\u00edcio no dia 24, ter\u00e7a-feira, \u00e0s 11h, com homenagem ao cantor e compositor Jos\u00e9 Augusto Sergipano, artista de grande sucesso nacional nos anos 60. Jos\u00e9 Augusto passar\u00e1 a fazer parte do acervo do Museu da Gente Sergipana, compondo a instala\u00e7\u00e3o \u2018M\u00fasicos da Gente\u2019, na qual ser\u00e1 poss\u00edvel conhecer a carreira do artista que construiu um importante legado e projetou Sergipe no cen\u00e1rio musical.<\/p>\n\n\n\n<p>J\u00e1 \u00e0s 18h, na Galeria de Exposi\u00e7\u00f5es Tempor\u00e1rias do museu, ser\u00e1 aberta a exposi\u00e7\u00e3o \u2018Projeto 15&#215;10 \u2013 Miniaturas\u2019, do artista pl\u00e1stico Adauto Machado. A mostra, composta por 70 obras em pequenas dimens\u00f5es, evidencia todas as tem\u00e1ticas abordadas por Adauto nas diversas fases da sua vida e da sua trajet\u00f3ria art\u00edstica. Os cavalos, os carros de bois, as lavadeiras, os lavradores, os casarios, os barcos, os pescadores e a cultura popular s\u00e3o alguns dos temas retratados na exposi\u00e7\u00e3o. A mostra ser\u00e1 aberta ao p\u00fablico em geral e ter\u00e1 acesso gratuito.<\/p>\n\n\n\n<p>Com o intuito de aproximar o p\u00fablico infantil dos artistas sergipanos e dos seus saberes e fazeres, a programa\u00e7\u00e3o incluir\u00e1 oficinas educativas em parceria com a ONG Ol\u00e1 Museu. No dia 24, \u00e0s 14h, a oficina ser\u00e1 inspirada no artista Beto Pez\u00e3o, reconhecido por sua inconfund\u00edvel obra modelada em argila e que retrata especialmente figuras humanas do sert\u00e3o e personagens crist\u00e3os. Uma segunda oficina ser\u00e1 no dia 25, quarta, \u00e0s 14h. Dessa vez inspirada no artista V\u00e9io, escultor reconhecido internacionalmente, que usa a madeira como mat\u00e9ria-prima e tem seus pr\u00f3prios costumes e a cultura popular sertaneja como fonte de inspira\u00e7\u00e3o. A atividade ser\u00e1 voltada para crian\u00e7as de 3 a 13 anos e n\u00e3o ser\u00e1 necess\u00e1rio fazer inscri\u00e7\u00e3o pr\u00e9via.<\/p>\n\n\n\n<p><strong>Cores da Gente<\/strong><\/p>\n\n\n\n<p>A programa\u00e7\u00e3o comemorativa do Dia da Sergipanidade ser\u00e1 encerrada na sexta, dia 27, com a inaugura\u00e7\u00e3o da Exposi\u00e7\u00e3o Cores da Gente \u2013 Emo\u00e7\u00e3o e Imers\u00e3o, que conta com o patroc\u00ednio do Grupo Energisa, atrav\u00e9s da Lei de Incentivo \u00e0 Cultura, e apoio cultural do Instituto Energisa e da TV Sergipe. As empresas, que j\u00e1 foram parceiras do projeto em 2021, renovam o investimento e compromisso com a iniciativa, agora em formato itinerante, garantindo que a exposi\u00e7\u00e3o circule pelos territ\u00f3rios sergipanos e chegue aos mais diversos p\u00fablicos.<\/p>\n\n\n\n<p>A exposi\u00e7\u00e3o \u00e9 uma experi\u00eancia imersiva e sensorial proporcionada por uma estrutura totalmente tecnol\u00f3gica. Dentro de um domo infl\u00e1vel, cujo ambiente interno se transforma em uma superf\u00edcie de proje\u00e7\u00e3o de obras de arte em movimento, o visitante ter\u00e1 a oportunidade de conhecer as representa\u00e7\u00f5es art\u00edsticas de v\u00e1rias fases da hist\u00f3ria da arte em Sergipe, do s\u00e9culo XIX ao XXI, por meio de 20 artistas p\u00f3stumos sergipanos que s\u00e3o referenciais.<\/p>\n\n\n\n<p>A noite de celebra\u00e7\u00f5es da Sergipanidade continuar\u00e1 \u00e0s 18h30, com apresenta\u00e7\u00e3o da Orquestra Jovem de Sergipe, projeto que h\u00e1 10 anos conta com o patroc\u00ednio do Grupo Energisa, e que transforma a vida de centenas de crian\u00e7as e adolescentes gra\u00e7as ao aprendizado da m\u00fasica cl\u00e1ssica. Para este dia, a Orquestra levar\u00e1 at\u00e9 o p\u00fablico um repert\u00f3rio regional, formado por m\u00fasicas do cancioneiro popular e de artistas sergipanos.<\/p>\n\n\n\n<p>\u00c0s 20h ter\u00e1 in\u00edcio o show da cantora, compositora e atriz sergipana Jaque Barroso. Intitulado \u2018Descal\u00e7a entre Mundos&#8217;, o show \u00e9 um passeio sonoro ancestral e afrofuturista cujo roteiro traz can\u00e7\u00f5es autorais e releituras eletrificadas de diversos Cocos do Nordeste. No museu, o show contar\u00e1 com as participa\u00e7\u00f5es especiais do Maracatu Baque Mulher Aracaju e do m\u00fasico Pedrinho Mendon\u00e7a. O projeto autoral de Jaque Barroso une vertentes eletr\u00f4nicas com diferentes ritos da cultura popular afro-brasileira e as can\u00e7\u00f5es de seu repert\u00f3rio abordam temas como ancestralidade, empoderamento negro e valoriza\u00e7\u00e3o da cultura popular nordestina.<\/p>\n\n\n\n<p>Toda a programa\u00e7\u00e3o \u00e9 gratuita e aberta ao p\u00fablico em geral.<\/p>\n\n\n\n<p><strong>Museu aberto<\/strong><\/p>\n\n\n\n<p>Com o objetivo de ampliar as oportunidades de visita\u00e7\u00e3o ao Museu da Gente Sergipana e de proporcionar ao p\u00fablico uma importante experi\u00eancia sobre o que \u00e9 ser sergipano, no dia 27, sexta-feira, o seu hor\u00e1rio de funcionamento ser\u00e1 estendido, recebendo os visitantes das 10h \u00e0s 20h, com entrada gratuita.<\/p>\n\n\n\n<p>O Museu da Gente Sergipana \u00e9 uma realiza\u00e7\u00e3o do Instituto Banese e do Governo de Sergipe, mantido pelo Banese, Banese Corretora de Seguros e Mulvi, com o patroc\u00ednio da Eneva, atrav\u00e9s da Lei de Incentivo \u00e0 Cultura.<\/p>\n\n\n\n<p><strong><em>Acompanhe tamb\u00e9m o SE Not\u00edcias no\u00a0<a rel=\"noreferrer noopener\" href=\"https:\/\/twitter.com\/Senoticias\" target=\"_blank\">Twitter<\/a>,\u00a0<a rel=\"noreferrer noopener\" href=\"https:\/\/www.facebook.com\/senoticias1\" target=\"_blank\">Facebook<\/a>\u00a0e no\u00a0<a rel=\"noreferrer noopener\" href=\"https:\/\/www.instagram.com\/senoticias\/\" target=\"_blank\">Instagram<\/a><\/em><\/strong><\/p>\n\n\n\n<p>Fonte: ascom\/Instituto Banese<\/p>\n","protected":false},"excerpt":{"rendered":"<p>Criado para reafirmar a identidade do povo sergipano, o Dia da Sergipanidade (24 de outubro) \u00e9 um marco de celebra\u00e7\u00f5es \u00e0 cultura, \u00e0 hist\u00f3ria, \u00e0s tradi\u00e7\u00f5es e aos saberes e fazeres que caracterizam Sergipe e que despertam muito orgulho. Para estimular esse pertencimento identit\u00e1rio, o Instituto Banese, atrav\u00e9s do Museu da Gente Sergipana, e o [&hellip;]<\/p>\n","protected":false},"author":6557,"featured_media":0,"comment_status":"closed","ping_status":"closed","sticky":false,"template":"","format":"standard","meta":{"footnotes":""},"categories":[15,21],"tags":[12269,40303],"class_list":{"0":"post-139565","1":"post","2":"type-post","3":"status-publish","4":"format-standard","6":"category-destaques","7":"category-entretenimento","8":"tag-praca-fausto-cardoso","9":"tag-semana-da-sergipanidade"},"_links":{"self":[{"href":"https:\/\/senoticias.com.br\/se\/wp-json\/wp\/v2\/posts\/139565"}],"collection":[{"href":"https:\/\/senoticias.com.br\/se\/wp-json\/wp\/v2\/posts"}],"about":[{"href":"https:\/\/senoticias.com.br\/se\/wp-json\/wp\/v2\/types\/post"}],"author":[{"embeddable":true,"href":"https:\/\/senoticias.com.br\/se\/wp-json\/wp\/v2\/users\/6557"}],"replies":[{"embeddable":true,"href":"https:\/\/senoticias.com.br\/se\/wp-json\/wp\/v2\/comments?post=139565"}],"version-history":[{"count":0,"href":"https:\/\/senoticias.com.br\/se\/wp-json\/wp\/v2\/posts\/139565\/revisions"}],"wp:attachment":[{"href":"https:\/\/senoticias.com.br\/se\/wp-json\/wp\/v2\/media?parent=139565"}],"wp:term":[{"taxonomy":"category","embeddable":true,"href":"https:\/\/senoticias.com.br\/se\/wp-json\/wp\/v2\/categories?post=139565"},{"taxonomy":"post_tag","embeddable":true,"href":"https:\/\/senoticias.com.br\/se\/wp-json\/wp\/v2\/tags?post=139565"}],"curies":[{"name":"wp","href":"https:\/\/api.w.org\/{rel}","templated":true}]}}