{"id":139560,"date":"2023-10-23T11:32:07","date_gmt":"2023-10-23T14:32:07","guid":{"rendered":"https:\/\/senoticias.com.br\/se\/?p=139560"},"modified":"2023-10-23T11:45:21","modified_gmt":"2023-10-23T14:45:21","slug":"governo-de-sergipe-divulga-calendario-de-pagamento-da-folha-de-outubro","status":"publish","type":"post","link":"https:\/\/senoticias.com.br\/se\/governo-de-sergipe-divulga-calendario-de-pagamento-da-folha-de-outubro\/","title":{"rendered":"Governo de Sergipe divulga calend\u00e1rio de pagamento da folha de outubro"},"content":{"rendered":"\n<p>O Governo de Sergipe iniciar\u00e1 na pr\u00f3xima sexta-feira, 27, o calend\u00e1rio de pagamento da folha salarial referente ao m\u00eas de outubro. Aposentados e pensionistas ser\u00e3o os primeiros a receber.<\/p>\n\n\n\n<p>Na segunda-feira, 30, receber\u00e3o os sal\u00e1rios os servidores ativos da Secretaria de Estado da Sa\u00fade (SES) e suas funda\u00e7\u00f5es, al\u00e9m dos servidores da Secretaria de Estado da Educa\u00e7\u00e3o e da Cultura (Seduc).<\/p>\n\n\n\n<figure class=\"wp-block-image size-large\"><img loading=\"lazy\" decoding=\"async\" width=\"1024\" height=\"768\" src=\"https:\/\/senoticias.com.br\/se\/wp-content\/uploads\/2019\/07\/20190721_194938-1024x768.jpg\" alt=\"\" class=\"wp-image-119379\"\/><figcaption> O pagamento inicia na sexta-feira, 27, e encerra na ter\u00e7a-feira dia 31 de outubro &#8211; Foto: arquivo\/SE Not\u00edcias <\/figcaption><\/figure>\n\n\n\n<p>J\u00e1 na ter\u00e7a-feira, 31, ser\u00e1 efetuado o pagamento dos sal\u00e1rios dos servidores das demais secretarias, empresas, autarquias e funda\u00e7\u00f5es.<\/p>\n\n\n\n<p>O Governo do Estado tamb\u00e9m pagar\u00e1 nesta folha salarial a primeira parcela do 13\u00ba sal\u00e1rio dos servidores que fazem anivers\u00e1rio no m\u00eas de outubro.<\/p>\n\n\n\n<p>Adicional de periculosidade e aux\u00edlio fardamento<\/p>\n\n\n\n<p>A folha salarial de outubro tamb\u00e9m incluir\u00e1 o pagamento do adicional por exposi\u00e7\u00e3o ao risco de morte (periculosidade) dos servidores da Pol\u00edcia Civil, da Pol\u00edcia Militar e do Corpo de Bombeiros Militar do Estado de Sergipe.<\/p>\n\n\n\n<p>Tamb\u00e9m entrar\u00e1 na folha do m\u00eas de outubro, a segunda parcela do aux\u00edlio fardamento, que contemplar\u00e1 policiais militares e bombeiros.<br><br><strong><em>Acompanhe tamb\u00e9m o SE Not\u00edcias no\u00a0<a rel=\"noreferrer noopener\" href=\"https:\/\/twitter.com\/Senoticias\" target=\"_blank\">Twitter<\/a>,\u00a0<a rel=\"noreferrer noopener\" href=\"https:\/\/www.facebook.com\/senoticias1\" target=\"_blank\">Facebook<\/a>\u00a0e no\u00a0<a rel=\"noreferrer noopener\" href=\"https:\/\/www.instagram.com\/senoticias\/\" target=\"_blank\">Instagram<\/a><\/em><\/strong><\/p>\n\n\n\n<p>Fonte: Ag\u00eancia Sergipe de Not\u00edcias<\/p>\n","protected":false},"excerpt":{"rendered":"<p>O Governo de Sergipe iniciar\u00e1 na pr\u00f3xima sexta-feira, 27, o calend\u00e1rio de pagamento da folha salarial referente ao m\u00eas de outubro. Aposentados e pensionistas ser\u00e3o os primeiros a receber. Na segunda-feira, 30, receber\u00e3o os sal\u00e1rios os servidores ativos da Secretaria de Estado da Sa\u00fade (SES) e suas funda\u00e7\u00f5es, al\u00e9m dos servidores da Secretaria de Estado [&hellip;]<\/p>\n","protected":false},"author":6557,"featured_media":0,"comment_status":"closed","ping_status":"closed","sticky":false,"template":"","format":"standard","meta":{"footnotes":""},"categories":[15,6],"tags":[448,40304,17025],"class_list":{"0":"post-139560","1":"post","2":"type-post","3":"status-publish","4":"format-standard","6":"category-destaques","7":"category-politica","8":"tag-governo-de-sergipe","9":"tag-pagamento-da-folha","10":"tag-salario-dos-servidores-2"},"_links":{"self":[{"href":"https:\/\/senoticias.com.br\/se\/wp-json\/wp\/v2\/posts\/139560"}],"collection":[{"href":"https:\/\/senoticias.com.br\/se\/wp-json\/wp\/v2\/posts"}],"about":[{"href":"https:\/\/senoticias.com.br\/se\/wp-json\/wp\/v2\/types\/post"}],"author":[{"embeddable":true,"href":"https:\/\/senoticias.com.br\/se\/wp-json\/wp\/v2\/users\/6557"}],"replies":[{"embeddable":true,"href":"https:\/\/senoticias.com.br\/se\/wp-json\/wp\/v2\/comments?post=139560"}],"version-history":[{"count":0,"href":"https:\/\/senoticias.com.br\/se\/wp-json\/wp\/v2\/posts\/139560\/revisions"}],"wp:attachment":[{"href":"https:\/\/senoticias.com.br\/se\/wp-json\/wp\/v2\/media?parent=139560"}],"wp:term":[{"taxonomy":"category","embeddable":true,"href":"https:\/\/senoticias.com.br\/se\/wp-json\/wp\/v2\/categories?post=139560"},{"taxonomy":"post_tag","embeddable":true,"href":"https:\/\/senoticias.com.br\/se\/wp-json\/wp\/v2\/tags?post=139560"}],"curies":[{"name":"wp","href":"https:\/\/api.w.org\/{rel}","templated":true}]}}