{"id":139540,"date":"2023-10-20T22:07:47","date_gmt":"2023-10-21T01:07:47","guid":{"rendered":"https:\/\/senoticias.com.br\/se\/?p=139540"},"modified":"2023-10-20T22:16:43","modified_gmt":"2023-10-21T01:16:43","slug":"governo-federal-demite-servidores-da-abin-presos-em-operacao-da-pf-sobre-espionagem","status":"publish","type":"post","link":"https:\/\/senoticias.com.br\/se\/governo-federal-demite-servidores-da-abin-presos-em-operacao-da-pf-sobre-espionagem\/","title":{"rendered":"Governo federal demite servidores da Abin presos em opera\u00e7\u00e3o da PF sobre espionagem"},"content":{"rendered":"\n<p><\/p>\n\n\n\n<p>O ministro-chefe da Casa Civil, Rui Costa, assinou na noite desta sexta-feira, 20, a demiss\u00e3o dos dois servidores da Ag\u00eancia Brasileira de Intelig\u00eancia (Abin) que foram presos em uma opera\u00e7\u00e3o da Pol\u00edcia Federal. S\u00e3o eles Rodrigo Colli e Eduardo Arthur Izycki.<\/p>\n\n\n\n<p>Segundo a investiga\u00e7\u00e3o da PF, a Abin usou um sistema de espionagem israelense para monitorar ministros do Supremo Tribunal Federal (STF) e advers\u00e1rios do governo do ent\u00e3o presidente Jair Bolsonaro (PL).<\/p>\n\n\n\n<figure class=\"wp-block-image size-large\"><img loading=\"lazy\" decoding=\"async\" width=\"596\" height=\"371\" src=\"https:\/\/senoticias.com.br\/se\/wp-content\/uploads\/2023\/10\/Abin-SE-Noticias.jpg\" alt=\"\" class=\"wp-image-139541\" srcset=\"https:\/\/senoticias.com.br\/se\/wp-content\/uploads\/2023\/10\/Abin-SE-Noticias.jpg 596w, https:\/\/senoticias.com.br\/se\/wp-content\/uploads\/2023\/10\/Abin-SE-Noticias-300x187.jpg 300w, https:\/\/senoticias.com.br\/se\/wp-content\/uploads\/2023\/10\/Abin-SE-Noticias-120x76.jpg 120w, https:\/\/senoticias.com.br\/se\/wp-content\/uploads\/2023\/10\/Abin-SE-Noticias-308x192.jpg 308w\" sizes=\"(max-width: 596px) 100vw, 596px\" \/><figcaption>A demiss\u00e3o foi assinada em edi\u00e7\u00e3o extra do Di\u00e1rio Oficial da Uni\u00e3o nesta sexta-feira, 20 &#8211; Foto: Ant\u00f4nio Cruz\/Ag\u00eancia Brasil<\/figcaption><\/figure>\n\n\n\n<p>Na decis\u00e3o, publicada em edi\u00e7\u00e3o extra do Di\u00e1rio Oficial da Uni\u00e3o (DOU), a justificativa para a demiss\u00e3o de ambos \u00e9 a mesma.<\/p>\n\n\n\n<p>&#8220;Por participar de ger\u00eancia ou administra\u00e7\u00e3o de sociedade privada, personificada ou n\u00e3o personificada, exercer o com\u00e9rcio, exceto na qualidade de acionista, cotista ou comandit\u00e1rio, e improbidade administrativa.&#8221;<\/p>\n\n\n\n<p><strong>Opera\u00e7\u00e3o<\/strong><\/p>\n\n\n\n<p>A <strong>Opera\u00e7\u00e3o \u00daltima Milha<\/strong> foi deflagrada nesta sexta-feira, 20. A ofensiva mira supostos crimes de organiza\u00e7\u00e3o criminosa, intercepta\u00e7\u00e3o de comunica\u00e7\u00f5es telef\u00f4nicas, de inform\u00e1tica ou telem\u00e1tica sem autoriza\u00e7\u00e3o judicial ou com objetivos n\u00e3o autorizados em lei. O sistema utilizado pela Abin se chama FirstMile e \u00e9 capaz de localizar, com facilidade, pessoas atrav\u00e9s de aparelhos celulares.<\/p>\n\n\n\n<p>A ordem para deflagrar a opera\u00e7\u00e3o foi expedida pelo ministro do STF Alexandre de Moraes, que determinou ainda o afastamento de cinco servidores da Abin, entre eles, dois diretores atuais do \u00f3rg\u00e3o. Na casa de um deles, Paulo Maur\u00edcio, a PF apreendeu US$ 171.800,00 em esp\u00e9cie durante as dilig\u00eancias cumpridas na manh\u00e3 desta sexta-feira. Os policiais tamb\u00e9m cumprem 25 mandados de busca e apreens\u00e3o nos estados de S\u00e3o Paulo, Santa Catarina, Paran\u00e1, Goi\u00e1s e no Distrito Federal.<\/p>\n\n\n\n<p>Rodrigo Colli trabalhava na \u00e1rea de Contraintelig\u00eancia Cibern\u00e9tica da Ag\u00eancia, e Eduardo Arthur Yzycky exercia a fun\u00e7\u00e3o de oficial de intelig\u00eancia. Ambos foram detidos no Distrito Federal.<\/p>\n\n\n\n<p>Segundo os investigadores, os servidores teriam usado o &#8220;conhecimento sobre o uso indevido do sistema como meio de coer\u00e7\u00e3o indireta para evitar a demiss\u00e3o&#8221; em um processo administrativo disciplinar do qual eram alvos.<\/p>\n\n\n\n<p>O filho do general da reserva e ex-ministro da Secretaria de Governo da Presid\u00eancia da Rep\u00fablica de Jair Bolsonaro, Carlos Alberto Santos Cruz, foi um dos alvos de busca e apreens\u00e3o feitos nesta sexta. Caio Cesar dos Santos Cruz \u00e9 investigado pela PF por suspeitas de ter sido o representante da empresa criadora do sistema de espionagem na venda feita para a Abin.<\/p>\n\n\n\n<p><strong>O que \u00e9 o sistema FirstMile?<\/strong><\/p>\n\n\n\n<p>O sistema FirstMile \u00e9 capaz de detectar um indiv\u00edduo com base na localiza\u00e7\u00e3o de aparelhos que usam as redes<strong> 2G, 3G e 4G<\/strong>. Para encontrar o alvo, basta digitar o n\u00famero do seu contato telef\u00f4nico no software e acompanhar em um mapa a \u00faltima posi\u00e7\u00e3o. Desenvolvido pela empresa israelense Cognyte (ex-Verint), o software se baseia em torres de telecomunica\u00e7\u00f5es instaladas em diferentes regi\u00f5es para captar os dados de cada aparelho telef\u00f4nico e, ent\u00e3o, devolver o hist\u00f3rico de deslocamento do dono do celular.<\/p>\n\n\n\n<p>O programa come\u00e7ou a operar na Abin em 26 de dezembro de 2018, no final do governo do ex-presidente Michel Temer (MDB). A aquisi\u00e7\u00e3o custou R$ 5,7 milh\u00f5es, pagos \u00e0 empresa israelense Cognyte, de acordo com o Minist\u00e9rio P\u00fablico Federal.<\/p>\n\n\n\n<p>Segundo a PF, o grupo sob suspeita teria usado o sistema da Abin &#8211; um &#8220;software intrusivo na infraestrutura cr\u00edtica de telefonia brasileira&#8221; &#8211; para rastrear celulares &#8220;reiteradas vezes&#8221;. Os crimes teriam sido praticados sob o governo Jair Bolsonaro. \u00c0 \u00e9poca, o \u00f3rg\u00e3o era comandado por Alexandre Ramagem, que hoje \u00e9 deputado federal pelo PL do Rio de Janeiro.<\/p>\n\n\n\n<p><strong>Quantas pessoas foram espionadas?<\/strong><br><br>Segundo os investigadores da PF, a Abin fez 33 mil monitoramentos ilegais durante o governo Bolsonaro. Do total, 1.800 desses usos foram destinados \u00e0 espionagem de pol\u00edticos, jornalistas, advogados, ministros do STF e advers\u00e1rios da gest\u00e3o do ex-presidente. As informa\u00e7\u00f5es s\u00e3o do jornal O Globo. A lista inclui um hom\u00f4nimo do ministro do STF Alexandre de Moraes &#8211; o que, segundo os investigadores, refor\u00e7a a desconfian\u00e7a de que o ministro tenha sido alvo do esquema ilegal.<\/p>\n\n\n\n<p>Para n\u00e3o deixar vest\u00edgios, a &#8220;gangue Abin de rastreamento&#8221;, como os investigadores t\u00eam chamado os servidores, apagou dos computadores a grande maioria dos acessos, segundo a TV Globo.<\/p>\n\n\n\n<p><strong>O que disse a Abin?<\/strong><br><br>Em nota ap\u00f3s a opera\u00e7\u00e3o, a Abin afirmou que a Corregedoria-Geral da ag\u00eancia concluiu, em 23 de fevereiro de 2023, uma Correi\u00e7\u00e3o Extraordin\u00e1ria &#8211; uma apura\u00e7\u00e3o interna &#8211; para verificar a regularidade do uso de sistema de geolocaliza\u00e7\u00e3o adquirido pelo \u00f3rg\u00e3o em dezembro de 2018. A partir das conclus\u00f5es dessa correi\u00e7\u00e3o, foi instaurada sindic\u00e2ncia investigativa no dia 21 de mar\u00e7o. De acordo com o \u00f3rg\u00e3o, a ferramenta deixou de ser utilizada em maio de 2021.<\/p>\n\n\n\n<p>&#8220;Desde ent\u00e3o, as informa\u00e7\u00f5es apuradas nessa sindic\u00e2ncia interna v\u00eam sendo repassadas pela Abin para os \u00f3rg\u00e3os competentes, como Pol\u00edcia Federal e Supremo Tribunal Federal. Todas as requisi\u00e7\u00f5es da Pol\u00edcia Federal e do Supremo Tribunal Federal foram integralmente atendidas pela Abin. A Ag\u00eancia colaborou com as autoridades competentes desde o in\u00edcio das apura\u00e7\u00f5es. A Abin vem cumprindo as decis\u00f5es judiciais, incluindo as expedidas na manh\u00e3 desta sexta-feira (20). Foram afastados cautelarmente os servidores investigados&#8221;, disse.<\/p>\n\n\n\n<p><em><strong>Acompanhe tamb\u00e9m o SE not\u00edcias no\u00a0<a rel=\"noreferrer noopener\" href=\"https:\/\/twitter.com\/Senoticias\" target=\"_blank\">Twitter<\/a>,\u00a0<a rel=\"noreferrer noopener\" href=\"https:\/\/www.facebook.com\/senoticias1\" target=\"_blank\">Facebook<\/a>\u00a0e no\u00a0<a rel=\"noreferrer noopener\" href=\"https:\/\/www.instagram.com\/senoticias\/\" target=\"_blank\">Instagram<\/a><\/strong><\/em><\/p>\n\n\n\n<p><em>*com informa\u00e7\u00f5es do Estad\u00e3o<\/em><\/p>\n\n\n\n<p><\/p>\n\n\n\n<p><br><br><\/p>\n\n\n\n<p><\/p>\n\n\n\n<p><\/p>\n","protected":false},"excerpt":{"rendered":"<p>O ministro-chefe da Casa Civil, Rui Costa, assinou na noite desta sexta-feira, 20, a demiss\u00e3o dos dois servidores da Ag\u00eancia Brasileira de Intelig\u00eancia (Abin) que foram presos em uma opera\u00e7\u00e3o da Pol\u00edcia Federal. S\u00e3o eles Rodrigo Colli e Eduardo Arthur Izycki. Segundo a investiga\u00e7\u00e3o da PF, a Abin usou um sistema de espionagem israelense para [&hellip;]<\/p>\n","protected":false},"author":6557,"featured_media":0,"comment_status":"closed","ping_status":"closed","sticky":false,"template":"","format":"standard","meta":{"footnotes":""},"categories":[15,2961,1],"tags":[4851,40289,57],"class_list":{"0":"post-139540","1":"post","2":"type-post","3":"status-publish","4":"format-standard","6":"category-destaques","7":"category-nacional","8":"category-sem-categoria","9":"tag-abin","10":"tag-espionagem","11":"tag-governo-federal"},"_links":{"self":[{"href":"https:\/\/senoticias.com.br\/se\/wp-json\/wp\/v2\/posts\/139540"}],"collection":[{"href":"https:\/\/senoticias.com.br\/se\/wp-json\/wp\/v2\/posts"}],"about":[{"href":"https:\/\/senoticias.com.br\/se\/wp-json\/wp\/v2\/types\/post"}],"author":[{"embeddable":true,"href":"https:\/\/senoticias.com.br\/se\/wp-json\/wp\/v2\/users\/6557"}],"replies":[{"embeddable":true,"href":"https:\/\/senoticias.com.br\/se\/wp-json\/wp\/v2\/comments?post=139540"}],"version-history":[{"count":0,"href":"https:\/\/senoticias.com.br\/se\/wp-json\/wp\/v2\/posts\/139540\/revisions"}],"wp:attachment":[{"href":"https:\/\/senoticias.com.br\/se\/wp-json\/wp\/v2\/media?parent=139540"}],"wp:term":[{"taxonomy":"category","embeddable":true,"href":"https:\/\/senoticias.com.br\/se\/wp-json\/wp\/v2\/categories?post=139540"},{"taxonomy":"post_tag","embeddable":true,"href":"https:\/\/senoticias.com.br\/se\/wp-json\/wp\/v2\/tags?post=139540"}],"curies":[{"name":"wp","href":"https:\/\/api.w.org\/{rel}","templated":true}]}}