{"id":139538,"date":"2023-10-20T20:05:49","date_gmt":"2023-10-20T23:05:49","guid":{"rendered":"https:\/\/senoticias.com.br\/se\/?p=139538"},"modified":"2023-10-20T20:37:28","modified_gmt":"2023-10-20T23:37:28","slug":"rogerio-carvalho-ressalta-importancia-do-bolsa-familia-e-diz-que-programa-e-simbolo-de-transformacao-social","status":"publish","type":"post","link":"https:\/\/senoticias.com.br\/se\/rogerio-carvalho-ressalta-importancia-do-bolsa-familia-e-diz-que-programa-e-simbolo-de-transformacao-social\/","title":{"rendered":"Rog\u00e9rio Carvalho ressalta import\u00e2ncia do Bolsa Fam\u00edlia e diz que programa \u00e9 s\u00edmbolo de transforma\u00e7\u00e3o social"},"content":{"rendered":"\n<p>Nesta sexta-feira, 20, o Bolsa Fam\u00edlia celebra duas d\u00e9cadas de exist\u00eancia, e o senador Rog\u00e9rio Carvalho (PT\/SE) expressou seu entusiasmo e reconhecimento em rela\u00e7\u00e3o \u00e0 import\u00e2ncia desse programa de transfer\u00eancia de renda que se tornou uma das mais not\u00e1veis pol\u00edticas p\u00fablicas do Brasil.<\/p>\n\n\n\n<figure class=\"wp-block-image size-large\"><img loading=\"lazy\" decoding=\"async\" width=\"596\" height=\"427\" src=\"https:\/\/senoticias.com.br\/se\/wp-content\/uploads\/2023\/10\/Senador-Rogerio-Carvalho-Se-Noticias.jpg\" alt=\"\" class=\"wp-image-139539\" srcset=\"https:\/\/senoticias.com.br\/se\/wp-content\/uploads\/2023\/10\/Senador-Rogerio-Carvalho-Se-Noticias.jpg 596w, https:\/\/senoticias.com.br\/se\/wp-content\/uploads\/2023\/10\/Senador-Rogerio-Carvalho-Se-Noticias-300x215.jpg 300w\" sizes=\"(max-width: 596px) 100vw, 596px\" \/><figcaption>Senador Rog\u00e9rio Carvalho destaca import\u00e2ncia do Bolsa Fam\u00edlia &#8211; Foto: Daniel Gomes<\/figcaption><\/figure>\n\n\n\n<p>Criado no primeiro governo do presidente Luiz In\u00e1cio Lula da Silva, o programa continua a desempenhar um papel fundamental no combate \u00e0 fome e \u00e0 desigualdade no pa\u00eds. Carvalho destacou a significativa contribui\u00e7\u00e3o do Bolsa Fam\u00edlia para a transforma\u00e7\u00e3o social e a melhoria da qualidade de vida das fam\u00edlias benefici\u00e1rias. &#8220;H\u00e1 20 anos, o presidente Lula criou o Bolsa Fam\u00edlia, um programa de transfer\u00eancia de renda que se tornou um verdadeiro s\u00edmbolo de transforma\u00e7\u00e3o social\u201d, afirmou.<\/p>\n\n\n\n<p>\u201c\u00c9 um programa reconhecido internacionalmente e que, desde ent\u00e3o, vem contribu\u00eddo para tirar milh\u00f5es de fam\u00edlias da fome e abrindo as portas para um futuro mais promissor&#8221;, acrescentou o senador.<\/p>\n\n\n\n<p>Ainda de acordo com Rog\u00e9rio Carvalho, o programa, sob a coordena\u00e7\u00e3o do Minist\u00e9rio do Desenvolvimento e Assist\u00eancia Social (MDS), vai al\u00e9m de fornecer assist\u00eancia financeira. &#8220;Ele tamb\u00e9m fortalece o acesso das fam\u00edlias a direitos b\u00e1sicos, como sa\u00fade, educa\u00e7\u00e3o e assist\u00eancia social, pavimentando o caminho para um pa\u00eds mais igualit\u00e1rio e justo\u201d, refor\u00e7ou.<\/p>\n\n\n\n<p>&#8220;Com imenso orgulho, celebramos essas duas d\u00e9cadas de conquistas e hist\u00f3rias de vida transformadas pelo programa. N\u00e3o poderia haver momento mais significativo do que este para honrar o Bolsa Fam\u00edlia. Unidos, celebramos o presente e olhamos com esperan\u00e7a para um futuro mais brilhante gra\u00e7as ao Bolsa Fam\u00edlia\u201d, concluiu.<\/p>\n\n\n\n<p><strong><em>Acompanhe tamb\u00e9m o SE Not\u00edcias no&nbsp;<a rel=\"noreferrer noopener\" href=\"https:\/\/twitter.com\/Senoticias\" target=\"_blank\">Twitter<\/a>,&nbsp;<a rel=\"noreferrer noopener\" href=\"https:\/\/www.facebook.com\/senoticias1\" target=\"_blank\">Facebook<\/a>&nbsp;e no&nbsp;<a rel=\"noreferrer noopener\" href=\"https:\/\/www.instagram.com\/senoticias\/\" target=\"_blank\">Instagram<\/a><\/em><\/strong><\/p>\n\n\n\n<p><em>Fonte: Assessoria de Comunica\u00e7\u00e3o<\/em><\/p>\n","protected":false},"excerpt":{"rendered":"<p>Nesta sexta-feira, 20, o Bolsa Fam\u00edlia celebra duas d\u00e9cadas de exist\u00eancia, e o senador Rog\u00e9rio Carvalho (PT\/SE) expressou seu entusiasmo e reconhecimento em rela\u00e7\u00e3o \u00e0 import\u00e2ncia desse programa de transfer\u00eancia de renda que se tornou uma das mais not\u00e1veis pol\u00edticas p\u00fablicas do Brasil. Criado no primeiro governo do presidente Luiz In\u00e1cio Lula da Silva, o [&hellip;]<\/p>\n","protected":false},"author":6557,"featured_media":0,"comment_status":"closed","ping_status":"closed","sticky":false,"template":"","format":"standard","meta":{"footnotes":""},"categories":[15,6,1],"tags":[4440,40288,3461,12855],"class_list":{"0":"post-139538","1":"post","2":"type-post","3":"status-publish","4":"format-standard","6":"category-destaques","7":"category-politica","8":"category-sem-categoria","9":"tag-bolsa-familia","10":"tag-bolsa-familia-20-anos","11":"tag-rogerio-carvalho","12":"tag-senador-rogerio-carvalho"},"_links":{"self":[{"href":"https:\/\/senoticias.com.br\/se\/wp-json\/wp\/v2\/posts\/139538"}],"collection":[{"href":"https:\/\/senoticias.com.br\/se\/wp-json\/wp\/v2\/posts"}],"about":[{"href":"https:\/\/senoticias.com.br\/se\/wp-json\/wp\/v2\/types\/post"}],"author":[{"embeddable":true,"href":"https:\/\/senoticias.com.br\/se\/wp-json\/wp\/v2\/users\/6557"}],"replies":[{"embeddable":true,"href":"https:\/\/senoticias.com.br\/se\/wp-json\/wp\/v2\/comments?post=139538"}],"version-history":[{"count":0,"href":"https:\/\/senoticias.com.br\/se\/wp-json\/wp\/v2\/posts\/139538\/revisions"}],"wp:attachment":[{"href":"https:\/\/senoticias.com.br\/se\/wp-json\/wp\/v2\/media?parent=139538"}],"wp:term":[{"taxonomy":"category","embeddable":true,"href":"https:\/\/senoticias.com.br\/se\/wp-json\/wp\/v2\/categories?post=139538"},{"taxonomy":"post_tag","embeddable":true,"href":"https:\/\/senoticias.com.br\/se\/wp-json\/wp\/v2\/tags?post=139538"}],"curies":[{"name":"wp","href":"https:\/\/api.w.org\/{rel}","templated":true}]}}