{"id":139525,"date":"2023-10-20T06:29:52","date_gmt":"2023-10-20T09:29:52","guid":{"rendered":"https:\/\/senoticias.com.br\/se\/?p=139525"},"modified":"2023-10-20T06:52:54","modified_gmt":"2023-10-20T09:52:54","slug":"servidores-e-gestao-do-tribunal-de-justica-de-sergipe-avancam-na-negociacao-de-novos-projetos","status":"publish","type":"post","link":"https:\/\/senoticias.com.br\/se\/servidores-e-gestao-do-tribunal-de-justica-de-sergipe-avancam-na-negociacao-de-novos-projetos\/","title":{"rendered":"Servidores e gest\u00e3o do Tribunal de Justi\u00e7a de Sergipe avan\u00e7am na negocia\u00e7\u00e3o de novos projetos"},"content":{"rendered":"\n<p><\/p>\n\n\n\n<p><\/p>\n\n\n\n<p>A luta dos trabalhadores e trabalhadoras efetivos do Tribunal de Justi\u00e7a de Sergipe (TJSE) tem alcan\u00e7ado consensos expressivos neste ano de 2023. E neste m\u00eas de outubro, dedicado ao reconhecimento dos servidores p\u00fablicos, o presidente do TJ, desembargador Ricardo M\u00facio, encaminhou \u00e0 Assembleia Legislativa um pacote de projetos que normatizam, em lei, as pol\u00edticas negociadas com os servidores.<\/p>\n\n\n\n<figure class=\"wp-block-image size-large\"><img loading=\"lazy\" decoding=\"async\" width=\"576\" height=\"432\" src=\"https:\/\/senoticias.com.br\/se\/wp-content\/uploads\/2023\/10\/SIndijus-e-TJSE-SE-Noticias.jpg\" alt=\"\" class=\"wp-image-139526\" srcset=\"https:\/\/senoticias.com.br\/se\/wp-content\/uploads\/2023\/10\/SIndijus-e-TJSE-SE-Noticias.jpg 576w, https:\/\/senoticias.com.br\/se\/wp-content\/uploads\/2023\/10\/SIndijus-e-TJSE-SE-Noticias-300x225.jpg 300w, https:\/\/senoticias.com.br\/se\/wp-content\/uploads\/2023\/10\/SIndijus-e-TJSE-SE-Noticias-45x35.jpg 45w\" sizes=\"(max-width: 576px) 100vw, 576px\" \/><figcaption>Nas \u00faltimas semanas, o Pleno do Tribunal de Justi\u00e7a tem sido palco da aprova\u00e7\u00e3o de diversos projetos relativos \u00e0 pol\u00edtica de pessoal no Judici\u00e1rio &#8211; Foto: ascom\/Sindijus<\/figcaption><\/figure>\n\n\n\n<p><strong>PROJETOS:<\/strong><\/p>\n\n\n\n<p>Na reuni\u00e3o do Pleno do TJSE do \u00faltimo dia 4 de outubro, os desembargadores aprovaram, de forma un\u00e2nime, o projeto negociado entre o Sindijus e a Presid\u00eancia do Tribunal, que modifica o plano de carreira da categoria (Lei Complementar 193\/2010), com o prop\u00f3sito de reduzir as distor\u00e7\u00f5es existentes nas carreiras internas. A mudan\u00e7a foi o aumento na evolu\u00e7\u00e3o salarial horizontal dos seguintes cargos, a cada dois anos: agentes judici\u00e1rios, aumenta a evolu\u00e7\u00e3o de 3,2% para 3,5%; e os t\u00e9cnicos e analistas judici\u00e1rios aumentam de 2,7% para 3,2%. A altera\u00e7\u00e3o dever\u00e1 ser implementada a partir de janeiro de 2024. Ao longo da vida profissional, a carreira dos agentes salta de da evolu\u00e7\u00e3o salarial de 55,4% para 61,8% e as carreiras dos t\u00e9cnicos e analistas saltam de 45,2% para 55,4%.<\/p>\n\n\n\n<p>Outro projeto cria uma tabela diferenciada para o aux\u00edlio-sa\u00fade dos aposentados no TJSE, que concede um benef\u00edcio financeiro que compensa com R$ 300,00 os servidores e magistrados que, ao se aposentar, perdem o aux\u00edlio-alimenta\u00e7\u00e3o.<\/p>\n\n\n\n<p>O terceiro projeto trata da antecipa\u00e7\u00e3o do pagamento do b\u00f4nus de desempenho, que \u00e9 pago anualmente aos servidores, em reconhecimento ao trabalho desempenhado para os pr\u00eamios de qualidade conquistados pelo TJSE no Conselho Nacional de Justi\u00e7a (CNJ).<\/p>\n\n\n\n<p>Tamb\u00e9m tem o projeto de equipara\u00e7\u00e3o financeira entre os diretores de secretaria de entr\u00e2ncia final do interior com os diretores da capital, a mudan\u00e7a corrige desigualdades injustificadas entre os trabalhadores efetivos que exercem fun\u00e7\u00f5es de chefia id\u00eanticas. E o \u00faltimo projeto relativo a uma demanda dos magistrados, a cria\u00e7\u00e3o de 21 cargos de assessor de magistrado I.<\/p>\n\n\n\n<p>A <strong>coordenadora geral do Sindijus, Analice Soares<\/strong>, informa que agora a entidade sindical acompanha os projetos na Assembleia Legislativa e avalia que as rela\u00e7\u00f5es, <strong>entre a gest\u00e3o do Des. Ricardo M\u00facio e o sindicato<\/strong>, gera resultados positivos para o futuro do Tribunal:<\/p>\n\n\n\n<p>\u201cTemos mantido um di\u00e1logo permanente e direto, baseado em muitos estudos das equipes dos dois lados, o que tem sido produtivo para corrigir distor\u00e7\u00f5es hist\u00f3ricas e aperfei\u00e7oar a pol\u00edtica de pessoal. Mesmo passando longe da valoriza\u00e7\u00e3o conhecida em outros tribunais do pa\u00eds, os servidores do TJSE sempre tiveram muita maturidade e s\u00e3o conhecidos por manter o Judici\u00e1rio sergipano entre os mais c\u00e9leres do Brasil. Com o avan\u00e7o na forma\u00e7\u00e3o de consensos, temos certeza que a nossa categoria renovar\u00e1, cada vez, o seu compromisso com a qualidade dos servi\u00e7os que s\u00e3o prestados \u00e0 popula\u00e7\u00e3o que busca direitos e justi\u00e7a no nosso estado,\u201d garante.<br><br><strong><em>Acompanhe tamb\u00e9m o SE Not\u00edcias no\u00a0<a rel=\"noreferrer noopener\" href=\"https:\/\/twitter.com\/Senoticias\" target=\"_blank\">Twitter<\/a>,\u00a0<a rel=\"noreferrer noopener\" href=\"https:\/\/www.facebook.com\/senoticias1\" target=\"_blank\">Facebook<\/a>\u00a0e no\u00a0<a rel=\"noreferrer noopener\" href=\"https:\/\/www.instagram.com\/senoticias\/\" target=\"_blank\">Instagram<\/a><\/em><\/strong><\/p>\n\n\n\n<p>Fonte: ascom\/Sindijus<\/p>\n","protected":false},"excerpt":{"rendered":"<p>A luta dos trabalhadores e trabalhadoras efetivos do Tribunal de Justi\u00e7a de Sergipe (TJSE) tem alcan\u00e7ado consensos expressivos neste ano de 2023. E neste m\u00eas de outubro, dedicado ao reconhecimento dos servidores p\u00fablicos, o presidente do TJ, desembargador Ricardo M\u00facio, encaminhou \u00e0 Assembleia Legislativa um pacote de projetos que normatizam, em lei, as pol\u00edticas negociadas [&hellip;]<\/p>\n","protected":false},"author":6557,"featured_media":0,"comment_status":"closed","ping_status":"closed","sticky":false,"template":"","format":"standard","meta":{"footnotes":""},"categories":[15,6],"tags":[40285,36745,34780,678],"class_list":{"0":"post-139525","1":"post","2":"type-post","3":"status-publish","4":"format-standard","6":"category-destaques","7":"category-politica","8":"tag-servidores-do-tjse","9":"tag-sindijus","10":"tag-tjse","11":"tag-tribunal-de-justica-de-sergipe"},"_links":{"self":[{"href":"https:\/\/senoticias.com.br\/se\/wp-json\/wp\/v2\/posts\/139525"}],"collection":[{"href":"https:\/\/senoticias.com.br\/se\/wp-json\/wp\/v2\/posts"}],"about":[{"href":"https:\/\/senoticias.com.br\/se\/wp-json\/wp\/v2\/types\/post"}],"author":[{"embeddable":true,"href":"https:\/\/senoticias.com.br\/se\/wp-json\/wp\/v2\/users\/6557"}],"replies":[{"embeddable":true,"href":"https:\/\/senoticias.com.br\/se\/wp-json\/wp\/v2\/comments?post=139525"}],"version-history":[{"count":0,"href":"https:\/\/senoticias.com.br\/se\/wp-json\/wp\/v2\/posts\/139525\/revisions"}],"wp:attachment":[{"href":"https:\/\/senoticias.com.br\/se\/wp-json\/wp\/v2\/media?parent=139525"}],"wp:term":[{"taxonomy":"category","embeddable":true,"href":"https:\/\/senoticias.com.br\/se\/wp-json\/wp\/v2\/categories?post=139525"},{"taxonomy":"post_tag","embeddable":true,"href":"https:\/\/senoticias.com.br\/se\/wp-json\/wp\/v2\/tags?post=139525"}],"curies":[{"name":"wp","href":"https:\/\/api.w.org\/{rel}","templated":true}]}}