{"id":139461,"date":"2023-10-17T11:44:59","date_gmt":"2023-10-17T14:44:59","guid":{"rendered":"https:\/\/senoticias.com.br\/se\/?p=139461"},"modified":"2023-10-17T11:45:06","modified_gmt":"2023-10-17T14:45:06","slug":"tentando-retomar-vitorias-brasil-enfrenta-uruguai-em-montevideu","status":"publish","type":"post","link":"https:\/\/senoticias.com.br\/se\/tentando-retomar-vitorias-brasil-enfrenta-uruguai-em-montevideu\/","title":{"rendered":"Tentando retomar vit\u00f3rias, Brasil enfrenta Uruguai em Montevid\u00e9u"},"content":{"rendered":"\n<p>A sele\u00e7\u00e3o brasileira comandada pelo t\u00e9cnico Fernando Diniz enfrenta o Uruguai, a partir das 21h (hor\u00e1rio de Bras\u00edlia) desta ter\u00e7a-feira (17) no est\u00e1dio Centen\u00e1rio, em Montevid\u00e9u, naquele que pode ser considerado o seu maior desafio at\u00e9 aqui nas Eliminat\u00f3rias Sul-Americana para a Copa do Mundo de 2026. A R\u00e1dio Nacional transmite o confronto ao vivo.<\/p>\n\n\n\n<figure class=\"wp-block-image size-large\"><img loading=\"lazy\" decoding=\"async\" width=\"594\" height=\"394\" src=\"https:\/\/senoticias.com.br\/se\/wp-content\/uploads\/2023\/10\/WhatsApp-Image-2023-10-17-at-09.36.37.jpeg\" alt=\"\" class=\"wp-image-139470\" srcset=\"https:\/\/senoticias.com.br\/se\/wp-content\/uploads\/2023\/10\/WhatsApp-Image-2023-10-17-at-09.36.37.jpeg 594w, https:\/\/senoticias.com.br\/se\/wp-content\/uploads\/2023\/10\/WhatsApp-Image-2023-10-17-at-09.36.37-300x199.jpeg 300w, https:\/\/senoticias.com.br\/se\/wp-content\/uploads\/2023\/10\/WhatsApp-Image-2023-10-17-at-09.36.37-90x60.jpeg 90w, https:\/\/senoticias.com.br\/se\/wp-content\/uploads\/2023\/10\/WhatsApp-Image-2023-10-17-at-09.36.37-180x120.jpeg 180w, https:\/\/senoticias.com.br\/se\/wp-content\/uploads\/2023\/10\/WhatsApp-Image-2023-10-17-at-09.36.37-95x64.jpeg 95w\" sizes=\"(max-width: 594px) 100vw, 594px\" \/><figcaption>\nFoto: Lucas Figueiredo\/CBF\/Direitos Reservado<\/figcaption><\/figure>\n\n\n\n<p>Ap\u00f3s triunfar diante da Bol\u00edvia (por 5 a 1 na estreia) e da sele\u00e7\u00e3o peruana (por 1 a 0), a equipe canarinho empatou com a Venezuela (em 1 a 1) em partida disputada na \u00faltima quinta-feira (12) em plena Arena Pantanal, em Cuiab\u00e1, com uma atua\u00e7\u00e3o muito ruim. Com isto, o Brasil caiu para a segunda posi\u00e7\u00e3o da classifica\u00e7\u00e3o da competi\u00e7\u00e3o com sete pontos, dois a menos do que a l\u00edder Argentina.<\/p>\n\n\n\n<p>Agora, diante de um Uruguai renovado (comandada pelo inventivo t\u00e9cnico Marcelo Bielsa e que n\u00e3o aposta mais nos experientes atacantes Edinson Cavani e Luis Suarez), o t\u00e9cnico Fernando Diniz deve promover mudan\u00e7as em sua equipe titular que lhe permitam buscar a vit\u00f3ria mesmo atuando fora de casa diante de um forte advers\u00e1rio.<\/p>\n\n\n\n<p>A primeira troca ser\u00e1 feita por necessidade, com a entrada do lateral Yan Couto no lugar do lesionado Danilo. Al\u00e9m disso, Guilherme Arana d\u00e1 lugar a Carlos Augusto, enquanto Richarlison perde a vaga para Gabriel Jesus. Com isso, o Brasil deve entrar em campo com: Ederson; Yan Couto, Marquinhos, Gabriel Magalh\u00e3es e Carlos Augusto; Casemiro, Bruno Guimar\u00e3es e Neymar; Rodrygo, Vin\u00edcius J\u00fanior e Gabriel Jesus.<\/p>\n\n\n\n<p>Mesmo com as mudan\u00e7as, o t\u00e9cnico Fernando Diniz n\u00e3o espera facilidades no jogo disputado em Montevid\u00e9u: \u201cEspero um jogo muito dif\u00edcil, com as duas equipes procurando o protagonismo. Acho que tem as caracter\u00edsticas do [Marcelo] Bielsa, que todos conhecem. A minha tamb\u00e9m \u00e9. Ent\u00e3o, teremos um jogo muito disputado\u201d.<\/p>\n\n\n\n<p><strong>Uruguai renovado<\/strong><br>Assim como o Brasil, ap\u00f3s a disputa da Copa do Mundo do Catar a sele\u00e7\u00e3o do Uruguai apostou em uma mudan\u00e7a de comando. Se, no Brasil, Tite foi sucedido por Fernando Diniz, e quem sabe pelo italiano Carlo Ancelotti, no Uruguai Marcelo Bielsa foi o escolhido para entrar no lugar de Diego Alonso, que seguiu para o comando do Sevilla (Espanha).<\/p>\n\n\n\n<p>Por\u00e9m, as mudan\u00e7as na Celeste Ol\u00edmpica n\u00e3o se restringiram ao comando t\u00e9cnico da equipe, mas se apresentam tamb\u00e9m dentro das quatro linhas. A dupla de experientes atacantes Edinson Cavani e Luis Suarez ainda n\u00e3o foi convocada para as Eliminat\u00f3rias. No lugar deles a aposta tem sido no jovem Darwin N\u00fa\u00f1ez, que defende o Liverpool (Inglaterra). Nesse novo Uruguai, o meia-atacante Agust\u00edn Canobbio, do Athletico-PR, e o volante Federico Valverde, do Real Madrid (Espanha), tamb\u00e9m ocupam posi\u00e7\u00f5es de destaque.<\/p>\n\n\n\n<p><strong>Transmiss\u00e3o da R\u00e1dio Nacional<\/strong><br>A R\u00e1dio Nacional transmite Uruguai e Brasil com a narra\u00e7\u00e3o de Andr\u00e9 Luiz Mendes, coment\u00e1rios de Mario Silva, reportagem de Rodrigo Campos e plant\u00e3o de Bruno Mendes. Voc\u00ea acompanha o Show de Bola Nacional aqui:<\/p>\n\n\n\n<p><br><strong><em>Acompanhe tamb\u00e9m o SE Not\u00edcias no&nbsp;<a rel=\"noreferrer noopener\" href=\"https:\/\/twitter.com\/Senoticias\" target=\"_blank\">Twitter<\/a>,&nbsp;<a rel=\"noreferrer noopener\" href=\"https:\/\/www.facebook.com\/senoticias1\" target=\"_blank\">Facebook<\/a>&nbsp;e no&nbsp;<a rel=\"noreferrer noopener\" href=\"https:\/\/www.instagram.com\/senoticias\/\" target=\"_blank\">Instagram<\/a><\/em><\/strong><\/p>\n\n\n\n<p>Fonte: Ag\u00eancia Brasil<\/p>\n","protected":false},"excerpt":{"rendered":"<p>A sele\u00e7\u00e3o brasileira comandada pelo t\u00e9cnico Fernando Diniz enfrenta o Uruguai, a partir das 21h (hor\u00e1rio de Bras\u00edlia) desta ter\u00e7a-feira (17) no est\u00e1dio Centen\u00e1rio, em Montevid\u00e9u, naquele que pode ser considerado o seu maior desafio at\u00e9 aqui nas Eliminat\u00f3rias Sul-Americana para a Copa do Mundo de 2026. A R\u00e1dio Nacional transmite o confronto ao vivo. [&hellip;]<\/p>\n","protected":false},"author":6557,"featured_media":0,"comment_status":"closed","ping_status":"closed","sticky":false,"template":"","format":"standard","meta":{"footnotes":""},"categories":[15,2961],"tags":[370,406,40255],"class_list":{"0":"post-139461","1":"post","2":"type-post","3":"status-publish","4":"format-standard","6":"category-destaques","7":"category-nacional","8":"tag-brasil","9":"tag-futebol","10":"tag-uruguai"},"_links":{"self":[{"href":"https:\/\/senoticias.com.br\/se\/wp-json\/wp\/v2\/posts\/139461"}],"collection":[{"href":"https:\/\/senoticias.com.br\/se\/wp-json\/wp\/v2\/posts"}],"about":[{"href":"https:\/\/senoticias.com.br\/se\/wp-json\/wp\/v2\/types\/post"}],"author":[{"embeddable":true,"href":"https:\/\/senoticias.com.br\/se\/wp-json\/wp\/v2\/users\/6557"}],"replies":[{"embeddable":true,"href":"https:\/\/senoticias.com.br\/se\/wp-json\/wp\/v2\/comments?post=139461"}],"version-history":[{"count":0,"href":"https:\/\/senoticias.com.br\/se\/wp-json\/wp\/v2\/posts\/139461\/revisions"}],"wp:attachment":[{"href":"https:\/\/senoticias.com.br\/se\/wp-json\/wp\/v2\/media?parent=139461"}],"wp:term":[{"taxonomy":"category","embeddable":true,"href":"https:\/\/senoticias.com.br\/se\/wp-json\/wp\/v2\/categories?post=139461"},{"taxonomy":"post_tag","embeddable":true,"href":"https:\/\/senoticias.com.br\/se\/wp-json\/wp\/v2\/tags?post=139461"}],"curies":[{"name":"wp","href":"https:\/\/api.w.org\/{rel}","templated":true}]}}