{"id":139452,"date":"2023-10-16T17:31:49","date_gmt":"2023-10-16T20:31:49","guid":{"rendered":"https:\/\/senoticias.com.br\/se\/?p=139452"},"modified":"2023-10-16T17:31:57","modified_gmt":"2023-10-16T20:31:57","slug":"previsao-do-tempo-indica-semana-com-ceu-encoberto-e-variacoes-de-temperatura-no-estado","status":"publish","type":"post","link":"https:\/\/senoticias.com.br\/se\/previsao-do-tempo-indica-semana-com-ceu-encoberto-e-variacoes-de-temperatura-no-estado\/","title":{"rendered":"Previs\u00e3o do tempo indica semana com c\u00e9u encoberto e varia\u00e7\u00f5es de temperatura no estado"},"content":{"rendered":"\n<p>A Secretaria de Estado do Meio Ambiente, Sustentabilidade e A\u00e7\u00f5es Clim\u00e1ticas (Semac) divulgou nesta segunda-feira, 16, o boletim do tempo para esta semana em Sergipe. A an\u00e1lise feita pela Ger\u00eancia de Meteorologia e Mudan\u00e7as Clim\u00e1ticas indica pouca varia\u00e7\u00e3o nas condi\u00e7\u00f5es meteorol\u00f3gicas, com temperaturas m\u00e1ximas podendo chegar a 32.9\u00b0 no sert\u00e3o sergipano. H\u00e1 ainda a possibilidade de chuva leve nas tr\u00eas regi\u00f5es clim\u00e1ticas.<\/p>\n\n\n\n<figure class=\"wp-block-image size-large\"><img loading=\"lazy\" decoding=\"async\" width=\"1024\" height=\"568\" src=\"https:\/\/senoticias.com.br\/se\/wp-content\/uploads\/2023\/10\/slide_ba172b95a2a583a0a500a3504eb99d7d-1024x568.jpg\" alt=\"\" class=\"wp-image-139453\"\/><figcaption>M\u00ednimas e m\u00e1ximas tendem a ficar entre 20\u00ba e 34\u00ba . &#8211; Foto: Igor Matias<\/figcaption><\/figure>\n\n\n\n<p>A semana ter\u00e1 algumas nuvens e c\u00e9u encoberto na maior parte do estado. Tamb\u00e9m h\u00e1 possibilidade de chuvas leves durante toda a semana, al\u00e9m de concentra\u00e7\u00e3o de ventos fracos e moderados.<\/p>\n\n\n\n<p>Os term\u00f4metros tamb\u00e9m v\u00e3o registrar poucas varia\u00e7\u00f5es. Nesta segunda-feira, 16, as temperaturas ficar\u00e3o em torno de 23.9\u00b0C e 29.2\u00b0C (litoral); e 19.6\u00b0C e 30.4\u00b0C (agreste); e 19.9\u00b0C e 31.3\u00b0C (sert\u00e3o).<\/p>\n\n\n\n<p>Para esta ter\u00e7a-feira, 17, as m\u00ednimas e m\u00e1ximas tendem a ser 23.4\u00b0C e 28.6\u00b0C (litoral); o 18.2\u00b0C e 29.7\u00b0C (agreste); e 19.7\u00b0C e 30.8\u00b0C (sert\u00e3o).<\/p>\n\n\n\n<p>As temperaturas para a quarta-feira, 18, podem ficar entre 23.3\u00b0C e 28.6\u00b0C (litoral); 19.7\u00b0C e 30.5\u00b0C (agreste); e 19.0\u00b0C e 30.4\u00b0C (sert\u00e3o).<\/p>\n\n\n\n<p>Na quinta-feira, 19, m\u00ednimas e m\u00e1ximas ser\u00e3o de 22.2\u00b0C e 28.8\u00b0C (litoral); 18.0\u00b0C e 30.9\u00b0C (agreste); e 19.5\u00b0C e 32.3\u00b0C (sert\u00e3o).<\/p>\n\n\n\n<p>Na sexta-feira, 20, esperam-se temperaturas em torno de 24.4\u00b0C e 29.0\u00b0C (litoral); 19.3\u00b0C e 31.6\u00b0C (agreste); e 20.6\u00b0C e m\u00e1xima de 32.9\u00b0C (sert\u00e3o).<\/p>\n\n\n\n<p>Acesse a previs\u00e3o do tempo completa em <strong><a href=\"http:\/\/www.simese.se.gov.br.\" data-type=\"URL\" data-id=\"www.simese.se.gov.br.\">www.simese.se.gov.br.<\/a><\/strong><\/p>\n\n\n\n<p><strong><em>Acompanhe tamb\u00e9m o SE Not\u00edcias no\u00a0<a rel=\"noreferrer noopener\" href=\"https:\/\/twitter.com\/Senoticias\" target=\"_blank\">Twitter<\/a>,\u00a0<a rel=\"noreferrer noopener\" href=\"https:\/\/www.facebook.com\/senoticias1\" target=\"_blank\">Facebook<\/a>\u00a0e no\u00a0<a rel=\"noreferrer noopener\" href=\"https:\/\/www.instagram.com\/senoticias\/\" target=\"_blank\">Instagram<\/a><\/em><\/strong><\/p>\n\n\n\n<p>Fonte Governo de Sergipe<\/p>\n","protected":false},"excerpt":{"rendered":"<p>A Secretaria de Estado do Meio Ambiente, Sustentabilidade e A\u00e7\u00f5es Clim\u00e1ticas (Semac) divulgou nesta segunda-feira, 16, o boletim do tempo para esta semana em Sergipe. A an\u00e1lise feita pela Ger\u00eancia de Meteorologia e Mudan\u00e7as Clim\u00e1ticas indica pouca varia\u00e7\u00e3o nas condi\u00e7\u00f5es meteorol\u00f3gicas, com temperaturas m\u00e1ximas podendo chegar a 32.9\u00b0 no sert\u00e3o sergipano. H\u00e1 ainda a possibilidade [&hellip;]<\/p>\n","protected":false},"author":6557,"featured_media":0,"comment_status":"closed","ping_status":"closed","sticky":false,"template":"","format":"standard","meta":{"footnotes":""},"categories":[15,38],"tags":[15406,40249],"class_list":{"0":"post-139452","1":"post","2":"type-post","3":"status-publish","4":"format-standard","6":"category-destaques","7":"category-municipios","8":"tag-previsao-do-tempo","9":"tag-semac"},"_links":{"self":[{"href":"https:\/\/senoticias.com.br\/se\/wp-json\/wp\/v2\/posts\/139452"}],"collection":[{"href":"https:\/\/senoticias.com.br\/se\/wp-json\/wp\/v2\/posts"}],"about":[{"href":"https:\/\/senoticias.com.br\/se\/wp-json\/wp\/v2\/types\/post"}],"author":[{"embeddable":true,"href":"https:\/\/senoticias.com.br\/se\/wp-json\/wp\/v2\/users\/6557"}],"replies":[{"embeddable":true,"href":"https:\/\/senoticias.com.br\/se\/wp-json\/wp\/v2\/comments?post=139452"}],"version-history":[{"count":0,"href":"https:\/\/senoticias.com.br\/se\/wp-json\/wp\/v2\/posts\/139452\/revisions"}],"wp:attachment":[{"href":"https:\/\/senoticias.com.br\/se\/wp-json\/wp\/v2\/media?parent=139452"}],"wp:term":[{"taxonomy":"category","embeddable":true,"href":"https:\/\/senoticias.com.br\/se\/wp-json\/wp\/v2\/categories?post=139452"},{"taxonomy":"post_tag","embeddable":true,"href":"https:\/\/senoticias.com.br\/se\/wp-json\/wp\/v2\/tags?post=139452"}],"curies":[{"name":"wp","href":"https:\/\/api.w.org\/{rel}","templated":true}]}}