{"id":139441,"date":"2023-10-17T05:47:28","date_gmt":"2023-10-17T08:47:28","guid":{"rendered":"https:\/\/senoticias.com.br\/se\/?p=139441"},"modified":"2023-10-17T05:59:56","modified_gmt":"2023-10-17T08:59:56","slug":"cantor-nona-ira-representar-sergipe-no-maior-canal-de-samba-e-pagode-do-mundo","status":"publish","type":"post","link":"https:\/\/senoticias.com.br\/se\/cantor-nona-ira-representar-sergipe-no-maior-canal-de-samba-e-pagode-do-mundo\/","title":{"rendered":"Cantor Nona ir\u00e1 representar Sergipe no maior canal de samba e pagode do mundo"},"content":{"rendered":"\n<p><\/p>\n\n\n\n<p>O Cantor Nona ir\u00e1 representar o Nordeste e o estado de Sergipe na Edi\u00e7\u00e3o Especial da Resenha do Brito, que ser\u00e1 realizado no <strong>dia 06 de novembro, na cidade de S\u00e3o Paulo<\/strong>. O sergipano \u00e9 o segundo artista confirmado na grava\u00e7\u00e3o de \u00e1udio visual, que contar\u00e1 com a presen\u00e7a de outros quatro grupos de samba do pa\u00eds.<\/p>\n\n\n\n<figure class=\"wp-block-image size-large\"><img loading=\"lazy\" decoding=\"async\" width=\"592\" height=\"728\" src=\"https:\/\/senoticias.com.br\/se\/wp-content\/uploads\/2023\/10\/Cantor-Mona-SE-Noticias.jpg\" alt=\"\" class=\"wp-image-139455\" srcset=\"https:\/\/senoticias.com.br\/se\/wp-content\/uploads\/2023\/10\/Cantor-Mona-SE-Noticias.jpg 592w, https:\/\/senoticias.com.br\/se\/wp-content\/uploads\/2023\/10\/Cantor-Mona-SE-Noticias-244x300.jpg 244w\" sizes=\"(max-width: 592px) 100vw, 592px\" \/><figcaption>O Cantor Nona ir\u00e1 representar o Nordeste e o estado de Sergipe na cidade de S\u00e3o Paulo &#8211; Foto: ascom\/divulga\u00e7\u00e3o<\/figcaption><\/figure>\n\n\n\n<p>A nova Resenha do Brito conta com tr\u00eas for\u00e7as do cen\u00e1rio musical e tem o foco de revelar e de alavancar novos artistas para o cen\u00e1rio do samba brasileiro. Al\u00e9m do Leandro Brito, est\u00e3o juntos nesse trabalho a Roof Top Music e a universal Music Brasil. Este super projeto promete revelar grandes talentos que est\u00e3o espalhados pelo Brasil.<\/p>\n\n\n\n<p><strong>Segundo Nona<\/strong>, esse \u00e9 um novo passo na sua carreira. \u201cEsse momento \u00e9 importante para mim, para a minha carreira e para todos que trabalham e sonham comigo. Estamos furando uma grande bolha para o samba do nordeste. Esse movimento musical est\u00e1 em todo o Brasil, inclusive aqui. Vamos l\u00e1 com a miss\u00e3o de mostrar o nosso trabalho, onde novas bandas ir\u00e3o aparecer depois desse primeiro passo. Estou muito feliz com mais essa conquista. Sei que \u00e9 s\u00f3 o come\u00e7o de uma jornada e acredito que Deus est\u00e1 preparando algo muito especial para n\u00f3s. Felicidade \u00e9 a palavra que define o meu sentimento\u201d, finaliza.<\/p>\n\n\n\n<p>Segundo Betinho Nascimento, empres\u00e1rio do cantor Nona, esse momento \u00e9 um feito hist\u00f3rico para a m\u00fasica sergipana. \u201cA resenha do Brito \u00e9 uma edi\u00e7\u00e3o especial, onde cinco bandas ir\u00e3o participar e o Cantor Nona \u00e9 um deles. Ele \u00e9 o \u00fanico artista do nordeste que ir\u00e1 participar dessa edi\u00e7\u00e3o, por isso acreditamos que ser\u00e1 um feito hist\u00f3rico para a m\u00fasica sergipana e para o segmento do samba de Sergipe e do Nordeste\u201d, pontua.<\/p>\n\n\n\n<p>Todo o trabalho ser\u00e1 apresentado pela p\u00e1gina do Leandro Brito no YOUTUBE, reconhecida como maior e principal canal de samba e pagode do mundo.<\/p>\n\n\n\n<p><strong><em>Acompanhe tamb\u00e9m o SE Not\u00edcias no\u00a0<a rel=\"noreferrer noopener\" href=\"https:\/\/twitter.com\/Senoticias\" target=\"_blank\">Twitter<\/a>,\u00a0<a rel=\"noreferrer noopener\" href=\"https:\/\/www.facebook.com\/senoticias1\" target=\"_blank\">Facebook<\/a>\u00a0e no\u00a0<a rel=\"noreferrer noopener\" href=\"https:\/\/www.instagram.com\/senoticias\/\" target=\"_blank\">Instagram<\/a><\/em><\/strong><\/p>\n\n\n\n<p><em>Da Assessoria de Imprensa<\/em><\/p>\n","protected":false},"excerpt":{"rendered":"<p>O Cantor Nona ir\u00e1 representar o Nordeste e o estado de Sergipe na Edi\u00e7\u00e3o Especial da Resenha do Brito, que ser\u00e1 realizado no dia 06 de novembro, na cidade de S\u00e3o Paulo. O sergipano \u00e9 o segundo artista confirmado na grava\u00e7\u00e3o de \u00e1udio visual, que contar\u00e1 com a presen\u00e7a de outros quatro grupos de samba [&hellip;]<\/p>\n","protected":false},"author":6557,"featured_media":0,"comment_status":"closed","ping_status":"closed","sticky":false,"template":"","format":"standard","meta":{"footnotes":""},"categories":[15,21,1],"tags":[38920,40250,3882],"class_list":{"0":"post-139441","1":"post","2":"type-post","3":"status-publish","4":"format-standard","6":"category-destaques","7":"category-entretenimento","8":"category-sem-categoria","9":"tag-cantor-nona","10":"tag-resenha-do-brito","11":"tag-samba"},"_links":{"self":[{"href":"https:\/\/senoticias.com.br\/se\/wp-json\/wp\/v2\/posts\/139441"}],"collection":[{"href":"https:\/\/senoticias.com.br\/se\/wp-json\/wp\/v2\/posts"}],"about":[{"href":"https:\/\/senoticias.com.br\/se\/wp-json\/wp\/v2\/types\/post"}],"author":[{"embeddable":true,"href":"https:\/\/senoticias.com.br\/se\/wp-json\/wp\/v2\/users\/6557"}],"replies":[{"embeddable":true,"href":"https:\/\/senoticias.com.br\/se\/wp-json\/wp\/v2\/comments?post=139441"}],"version-history":[{"count":0,"href":"https:\/\/senoticias.com.br\/se\/wp-json\/wp\/v2\/posts\/139441\/revisions"}],"wp:attachment":[{"href":"https:\/\/senoticias.com.br\/se\/wp-json\/wp\/v2\/media?parent=139441"}],"wp:term":[{"taxonomy":"category","embeddable":true,"href":"https:\/\/senoticias.com.br\/se\/wp-json\/wp\/v2\/categories?post=139441"},{"taxonomy":"post_tag","embeddable":true,"href":"https:\/\/senoticias.com.br\/se\/wp-json\/wp\/v2\/tags?post=139441"}],"curies":[{"name":"wp","href":"https:\/\/api.w.org\/{rel}","templated":true}]}}