{"id":139410,"date":"2023-10-11T21:00:39","date_gmt":"2023-10-12T00:00:39","guid":{"rendered":"https:\/\/senoticias.com.br\/se\/?p=139410"},"modified":"2023-10-11T21:00:44","modified_gmt":"2023-10-12T00:00:44","slug":"deputado-denuncia-problemas-no-hospital-regional-de-estancia","status":"publish","type":"post","link":"https:\/\/senoticias.com.br\/se\/deputado-denuncia-problemas-no-hospital-regional-de-estancia\/","title":{"rendered":"Deputado denuncia problemas no Hospital Regional de Est\u00e2ncia"},"content":{"rendered":"\n<p><\/p>\n\n\n\n<p>Mais uma vez, o deputado Georgeo Passos (Cidadania) traz \u00e0 tona problemas na sa\u00fade p\u00fablica do Estado. Na manh\u00e3 desta quarta-feira, 11, o parlamentar usou o pequeno expediente da sess\u00e3o plen\u00e1ria na Assembleia Legislativa para denunciar a falta de materiais para a realiza\u00e7\u00e3o de cirurgias ortop\u00e9dicas no Hospital Regional de Est\u00e2ncia, no litoral sul sergipano.<\/p>\n\n\n\n<figure class=\"wp-block-image size-large\"><img loading=\"lazy\" decoding=\"async\" width=\"591\" height=\"394\" src=\"https:\/\/senoticias.com.br\/se\/wp-content\/uploads\/2023\/10\/Hospital-Regional-de-Estancia-SE-Noticias.jpeg\" alt=\"\" class=\"wp-image-139411\" srcset=\"https:\/\/senoticias.com.br\/se\/wp-content\/uploads\/2023\/10\/Hospital-Regional-de-Estancia-SE-Noticias.jpeg 591w, https:\/\/senoticias.com.br\/se\/wp-content\/uploads\/2023\/10\/Hospital-Regional-de-Estancia-SE-Noticias-300x200.jpeg 300w, https:\/\/senoticias.com.br\/se\/wp-content\/uploads\/2023\/10\/Hospital-Regional-de-Estancia-SE-Noticias-90x60.jpeg 90w, https:\/\/senoticias.com.br\/se\/wp-content\/uploads\/2023\/10\/Hospital-Regional-de-Estancia-SE-Noticias-180x120.jpeg 180w, https:\/\/senoticias.com.br\/se\/wp-content\/uploads\/2023\/10\/Hospital-Regional-de-Estancia-SE-Noticias-95x64.jpeg 95w\" sizes=\"(max-width: 591px) 100vw, 591px\" \/><figcaption> Georgeo denuncia problemas no Hospital Regional de Est\u00e2ncia &#8211; Foto: M\u00e1rio Souza\/ASN<\/figcaption><\/figure>\n\n\n\n<p>Georgeo lamentou o fato de pacientes estarem aguardando a realiza\u00e7\u00e3o desses procedimentos. \u201cN\u00e3o podemos aceitar que pessoas fiquem esperando para a realiza\u00e7\u00e3o de cirurgias, sem saber quando elas ir\u00e3o acontecer. Estamos cobrando do Governo para que isso seja resolvido o quanto antes e essas pessoas parem de sofrer\u201d, cobrou.<\/p>\n\n\n\n<p>A den\u00fancia assemelha-se a outra feita pelo parlamentar na semana passada, quando Georgeo exp\u00f4s que pacientes tamb\u00e9m aguardavam devido \u00e0 falta de materiais para cirurgias ortop\u00e9dicas no Hospital de Urg\u00eancia de Sergipe (Huse) &#8211; o maior hospital do Estado. \u201cInfelizmente, esse \u00e9 um problema que est\u00e1 se repetindo\u201d, afirmou.<\/p>\n\n\n\n<p>\u201cFizemos uma fiscaliza\u00e7\u00e3o com outros parlamentares no HUSE e denunciamos as dificuldades causadas pela falta de material. At\u00e9 quando isso ir\u00e1 acontecer nos hospitais em Sergipe? Vamos continuar atentos a essa situa\u00e7\u00e3o e esperamos que o governador se sensibilize e resolva o quanto antes esse problema\u201d, finalizou Georgeo.<br><br><br><strong><em>Acompanhe tamb\u00e9m o SE Not\u00edcias no\u00a0<a rel=\"noreferrer noopener\" href=\"https:\/\/twitter.com\/Senoticias\" target=\"_blank\">Twitter<\/a>,\u00a0<a rel=\"noreferrer noopener\" href=\"https:\/\/www.facebook.com\/senoticias1\" target=\"_blank\">Facebook<\/a>\u00a0e no\u00a0<a rel=\"noreferrer noopener\" href=\"https:\/\/www.instagram.com\/senoticias\/\" target=\"_blank\">Instagram<\/a><\/em><\/strong><\/p>\n\n\n\n<p>Fonte: ascom\/divulga\u00e7\u00e3o<\/p>\n","protected":false},"excerpt":{"rendered":"<p>Mais uma vez, o deputado Georgeo Passos (Cidadania) traz \u00e0 tona problemas na sa\u00fade p\u00fablica do Estado. Na manh\u00e3 desta quarta-feira, 11, o parlamentar usou o pequeno expediente da sess\u00e3o plen\u00e1ria na Assembleia Legislativa para denunciar a falta de materiais para a realiza\u00e7\u00e3o de cirurgias ortop\u00e9dicas no Hospital Regional de Est\u00e2ncia, no litoral sul sergipano. [&hellip;]<\/p>\n","protected":false},"author":6557,"featured_media":0,"comment_status":"closed","ping_status":"closed","sticky":false,"template":"","format":"standard","meta":{"footnotes":""},"categories":[15,38],"tags":[17066,12789],"class_list":{"0":"post-139410","1":"post","2":"type-post","3":"status-publish","4":"format-standard","6":"category-destaques","7":"category-municipios","8":"tag-deputado-georgeo-passos","9":"tag-hospital-regional-de-estancia"},"_links":{"self":[{"href":"https:\/\/senoticias.com.br\/se\/wp-json\/wp\/v2\/posts\/139410"}],"collection":[{"href":"https:\/\/senoticias.com.br\/se\/wp-json\/wp\/v2\/posts"}],"about":[{"href":"https:\/\/senoticias.com.br\/se\/wp-json\/wp\/v2\/types\/post"}],"author":[{"embeddable":true,"href":"https:\/\/senoticias.com.br\/se\/wp-json\/wp\/v2\/users\/6557"}],"replies":[{"embeddable":true,"href":"https:\/\/senoticias.com.br\/se\/wp-json\/wp\/v2\/comments?post=139410"}],"version-history":[{"count":0,"href":"https:\/\/senoticias.com.br\/se\/wp-json\/wp\/v2\/posts\/139410\/revisions"}],"wp:attachment":[{"href":"https:\/\/senoticias.com.br\/se\/wp-json\/wp\/v2\/media?parent=139410"}],"wp:term":[{"taxonomy":"category","embeddable":true,"href":"https:\/\/senoticias.com.br\/se\/wp-json\/wp\/v2\/categories?post=139410"},{"taxonomy":"post_tag","embeddable":true,"href":"https:\/\/senoticias.com.br\/se\/wp-json\/wp\/v2\/tags?post=139410"}],"curies":[{"name":"wp","href":"https:\/\/api.w.org\/{rel}","templated":true}]}}