{"id":139401,"date":"2023-10-11T09:47:07","date_gmt":"2023-10-11T12:47:07","guid":{"rendered":"https:\/\/senoticias.com.br\/se\/?p=139401"},"modified":"2023-10-11T09:47:18","modified_gmt":"2023-10-11T12:47:18","slug":"lancado-aplicativo-me-deixe-fruto-de-parceria-entre-a-ssp-ufs-e-ifs-para-denuncia-de-violencia-contra-a-mulher-em-sergipe","status":"publish","type":"post","link":"https:\/\/senoticias.com.br\/se\/lancado-aplicativo-me-deixe-fruto-de-parceria-entre-a-ssp-ufs-e-ifs-para-denuncia-de-violencia-contra-a-mulher-em-sergipe\/","title":{"rendered":"Lan\u00e7ado aplicativo \u2018Me Deixe\u2019, fruto de parceria entre a SSP, UFS e IFS, para den\u00fancia de viol\u00eancia contra a mulher em Sergipe"},"content":{"rendered":"\n<p>Como resultado da parceria entre a Secretaria de Estado da Seguran\u00e7a P\u00fablica (SSP), Universidade Federal de Sergipe (UFS) e Instituto Federal de Sergipe (IFS), foi lan\u00e7ado, nesta ter\u00e7a-feira, 10, o aplicativo \u2018Me Deixe\u2019. A ferramenta tem como objetivo fornecer atendimento emergencial \u00e0s mulheres em situa\u00e7\u00e3o de viol\u00eancia dom\u00e9stica. A primeira-dama e secret\u00e1ria de Estado da Assist\u00eancia Social e Cidadania (Seasc), \u00c9rica Mitidieri, representou o governador F\u00e1bio Mitidieri na solenidade, que aconteceu no audit\u00f3rio do Pal\u00e1cio dos Despachos. Na oportunidade, ela afirmou que o combate \u00e0 viol\u00eancia contra a mulher \u00e9 uma das pautas priorit\u00e1rias do Governo de Sergipe.<\/p>\n\n\n\n<figure class=\"wp-block-image size-large\"><img loading=\"lazy\" decoding=\"async\" width=\"1024\" height=\"568\" src=\"https:\/\/senoticias.com.br\/se\/wp-content\/uploads\/2023\/10\/me-deixe-senoticias-1024x568.jpg\" alt=\"\" class=\"wp-image-139402\"\/><figcaption>\nLan\u00e7ado aplicativo \u2018Me Deixe\u2019, fruto de parceria entre a SSP, UFS e IFS, para den\u00fancia de viol\u00eancia contra a mulher em Sergipe \/ Foto: Igor Matias<\/figcaption><\/figure>\n\n\n\n<p>\u201cSomente este ano j\u00e1 foram registradas 9.487 ocorr\u00eancias de crimes ligados \u00e0 Lei Maria da Penha. Amea\u00e7a, inj\u00faria e les\u00e3o corporal s\u00e3o os mais comuns. Esses dados demonstram que as mulheres enfrentam s\u00e9rias amea\u00e7as em suas pr\u00f3prias casas. A solu\u00e7\u00e3o tecnol\u00f3gica \u2018Me Deixe\u2019 \u00e9 uma resposta crucial a essa situa\u00e7\u00e3o\u201d, disse, ao acrescentar que esse projeto representa um passo significativo na dire\u00e7\u00e3o certa para combater a viol\u00eancia contra a mulher. \u201c\u00c9 uma resposta \u00e0 necessidade urgente de proteger as mulheres em situa\u00e7\u00e3o de risco e oferecer a elas uma maneira de buscar ajuda de forma segura e eficaz\u201d, frisou a secret\u00e1ria.<\/p>\n\n\n\n<p>O projeto ter\u00e1 in\u00edcio de forma piloto no munic\u00edpio de Nossa Senhora da Gl\u00f3ria, mas a proposta \u00e9 ampli\u00e1-lo para todo o estado. O financiamento \u00e9 do Conselho Nacional de Desenvolvimento Cient\u00edfico e Tecnol\u00f3gico (CNPq). A UFS fez a transfer\u00eancia de tecnologia sem custo ao estado de Sergipe. A concep\u00e7\u00e3o do projeto abrangeu as etapas de pesquisa, extens\u00e3o e produto tecnol\u00f3gico.<\/p>\n\n\n\n<p>A idealizadora do projeto, a professora da UFS Patr\u00edcia Rosalba, destacou que o produto tecnol\u00f3gico \u00e9 fruto de estudos feitos pelo grupo Xique Xique, que re\u00fane v\u00e1rios pesquisadores em torno de tem\u00e1ticas que envolvem g\u00eanero e sexualidade. \u201c[Esse aplicativo] \u00e9 um projeto que a gente pensou a partir da necessidade de entregar \u00e0 sociedade sergipana um produto tecnol\u00f3gico que atenda \u00e0s mulheres em situa\u00e7\u00e3o de viol\u00eancia dom\u00e9stica em situa\u00e7\u00e3o emergencial. Esse projeto est\u00e1 dentro de uma concep\u00e7\u00e3o te\u00f3rica da tecnologia social, que \u00e9 constru\u00edda junto com as institui\u00e7\u00f5es e a sociedade\u201d, ressaltou Patr\u00edcia Rosalba.<\/p>\n\n\n\n<p>A coordenadora do Programa Qualidade de Vida (Provida), da Pol\u00edcia Militar, tenente-coronel Evangelina de Deus, reconheceu a import\u00e2ncia do aplicativo para o fortalecimento das a\u00e7\u00f5es de enfrentamento \u00e0 viol\u00eancia contra a mulher. \u201cEsse aplicativo vem preencher uma lacuna para dar celeridade ao processo de assist\u00eancia \u00e0 mulher v\u00edtima de viol\u00eancia. J\u00e1 existe uma rede de assist\u00eancia, e o aplicativo veio dar essa celeridade por meio de uma tecnologia inovadora. O aplicativo est\u00e1 acess\u00edvel para todas as mulheres que se sentirem amea\u00e7adas ou estiverem passando por qualquer situa\u00e7\u00e3o de viol\u00eancia dom\u00e9stica\u201d, reiterou a tenente-coronel Evangelina.<\/p>\n\n\n\n<p><strong>Mais uma ferramenta<\/strong><\/p>\n\n\n\n<p>A diretora do Departamento de Atendimento a Grupos Vulner\u00e1veis (DAGV), delegada Mariana Diniz, enfatizou que o aplicativo \u00e9 mais uma forma de atuar no combate \u00e0 viol\u00eancia contra a mulher em Sergipe. \u201cHoje, a popula\u00e7\u00e3o sergipana, sobretudo as v\u00edtimas de viol\u00eancia dom\u00e9stica, est\u00e1 recebendo esse aplicativo que, sem d\u00favidas, \u00e9 mais uma ferramenta eficaz para fazer a den\u00fancia, que \u00e9 muito importante para responsabilizar o agressor\u201d, destacou Mariana Diniz.<\/p>\n\n\n\n<p>A coordenadora de preven\u00e7\u00e3o \u00e0 viol\u00eancia e \u00e0 criminalidade da SSP, Abigail Souza, real\u00e7ou que o aplicativo \u00e9 mais uma forma de fortalecer a intersetorialidade entre as institui\u00e7\u00f5es para a efetividade das a\u00e7\u00f5es de enfrentamento \u00e0 viol\u00eancia contra a mulher. \u201cN\u00e3o \u00e9 s\u00f3 disponibilizar a ferramenta, pois precisamos pensar todo o atendimento a essas mulheres que est\u00e3o vivendo nesse ciclo de viol\u00eancia. Esse aplicativo vai reiterar as for\u00e7as de enfrentamento \u00e0 viol\u00eancia contra a mulher\u201d, salientou Abigail Souza.<\/p>\n\n\n\n<p><strong>Fluxo de atendimento<\/strong><\/p>\n\n\n\n<p>O fluxo de atendimento pela ferramenta \u2018Me Deixe\u2019 tem in\u00edcio com a instala\u00e7\u00e3o do aplicativo no celular da v\u00edtima. Os chamados s\u00e3o monitorados e direcionados ao Centro Integrado de Opera\u00e7\u00f5es em Seguran\u00e7a P\u00fablica (Ciosp), que encaminha a den\u00fancia \u00e0 Pol\u00edcia Militar. A equipe policial mais pr\u00f3xima ao local do fato atende \u00e0 ocorr\u00eancia.<\/p>\n\n\n\n<p>Para a transfer\u00eancia de tecnologia, o Governo do Estado tem como contrapartida o fornecimento de atendimento \u00e1gil \u00e0s mulheres e a disponibiliza\u00e7\u00e3o de uma central de atendimento para dar vaz\u00e3o aos chamados feitos pelo aplicativo. Tamb\u00e9m s\u00e3o contrapartidas do Governo do Estado a qualifica\u00e7\u00e3o permanente dos operadores e a disponibiliza\u00e7\u00e3o de infraestrutura policial.<\/p>\n\n\n\n<p><strong><em>Acompanhe tamb\u00e9m o SE Not\u00edcias no&nbsp;<a rel=\"noreferrer noopener\" href=\"https:\/\/twitter.com\/Senoticias\" target=\"_blank\">Twitter<\/a>,&nbsp;<a rel=\"noreferrer noopener\" href=\"https:\/\/www.facebook.com\/senoticias1\" target=\"_blank\">Facebook<\/a>&nbsp;e no&nbsp;<a rel=\"noreferrer noopener\" href=\"https:\/\/www.instagram.com\/senoticias\/\" target=\"_blank\">Instagram<\/a><\/em><\/strong><\/p>\n\n\n\n<p>Fonte: Governo de Sergipe<\/p>\n","protected":false},"excerpt":{"rendered":"<p>Como resultado da parceria entre a Secretaria de Estado da Seguran\u00e7a P\u00fablica (SSP), Universidade Federal de Sergipe (UFS) e Instituto Federal de Sergipe (IFS), foi lan\u00e7ado, nesta ter\u00e7a-feira, 10, o aplicativo \u2018Me Deixe\u2019. A ferramenta tem como objetivo fornecer atendimento emergencial \u00e0s mulheres em situa\u00e7\u00e3o de viol\u00eancia dom\u00e9stica. A primeira-dama e secret\u00e1ria de Estado da [&hellip;]<\/p>\n","protected":false},"author":6557,"featured_media":0,"comment_status":"closed","ping_status":"closed","sticky":false,"template":"","format":"standard","meta":{"footnotes":""},"categories":[15,6],"tags":[40222,1965,3901,2299,39599],"class_list":{"0":"post-139401","1":"post","2":"type-post","3":"status-publish","4":"format-standard","6":"category-destaques","7":"category-politica","8":"tag-aplicativo-me-deixe","9":"tag-ifs","10":"tag-ssp","11":"tag-ufs","12":"tag-violencia-contra-a-mulher-2"},"_links":{"self":[{"href":"https:\/\/senoticias.com.br\/se\/wp-json\/wp\/v2\/posts\/139401"}],"collection":[{"href":"https:\/\/senoticias.com.br\/se\/wp-json\/wp\/v2\/posts"}],"about":[{"href":"https:\/\/senoticias.com.br\/se\/wp-json\/wp\/v2\/types\/post"}],"author":[{"embeddable":true,"href":"https:\/\/senoticias.com.br\/se\/wp-json\/wp\/v2\/users\/6557"}],"replies":[{"embeddable":true,"href":"https:\/\/senoticias.com.br\/se\/wp-json\/wp\/v2\/comments?post=139401"}],"version-history":[{"count":0,"href":"https:\/\/senoticias.com.br\/se\/wp-json\/wp\/v2\/posts\/139401\/revisions"}],"wp:attachment":[{"href":"https:\/\/senoticias.com.br\/se\/wp-json\/wp\/v2\/media?parent=139401"}],"wp:term":[{"taxonomy":"category","embeddable":true,"href":"https:\/\/senoticias.com.br\/se\/wp-json\/wp\/v2\/categories?post=139401"},{"taxonomy":"post_tag","embeddable":true,"href":"https:\/\/senoticias.com.br\/se\/wp-json\/wp\/v2\/tags?post=139401"}],"curies":[{"name":"wp","href":"https:\/\/api.w.org\/{rel}","templated":true}]}}