{"id":139373,"date":"2023-10-10T09:16:05","date_gmt":"2023-10-10T12:16:05","guid":{"rendered":"https:\/\/senoticias.com.br\/se\/?p=139373"},"modified":"2023-10-10T10:31:49","modified_gmt":"2023-10-10T13:31:49","slug":"139373-2","status":"publish","type":"post","link":"https:\/\/senoticias.com.br\/se\/139373-2\/","title":{"rendered":"Dois investigados morrem e outro \u00e9 preso durante opera\u00e7\u00e3o policial em S\u00e3o Crist\u00f3v\u00e3o"},"content":{"rendered":"\n<p>Equipes do 1\u00aa Companhia Independente de Pol\u00edcia Militar (1\u00aa CIPM), Comando do Policiamento Especializado (CPME) e Comando do Policiamento Militar da Capital (CPMC) identificaram tr\u00eas homens armados que estariam amea\u00e7ando a popula\u00e7\u00e3o de S\u00e3o Crist\u00f3v\u00e3o. A a\u00e7\u00e3o policial ocorreu na localidade conhecida como Enseada, no Bairro Irineu Nery, em S\u00e3o Crist\u00f3v\u00e3o.<\/p>\n\n\n\n<figure class=\"wp-block-image size-large\"><img loading=\"lazy\" decoding=\"async\" width=\"565\" height=\"370\" src=\"https:\/\/senoticias.com.br\/se\/wp-content\/uploads\/2023\/10\/Opecao-Sao-cristovao-SE-Noticias.png\" alt=\"\" class=\"wp-image-139374\" srcset=\"https:\/\/senoticias.com.br\/se\/wp-content\/uploads\/2023\/10\/Opecao-Sao-cristovao-SE-Noticias.png 565w, https:\/\/senoticias.com.br\/se\/wp-content\/uploads\/2023\/10\/Opecao-Sao-cristovao-SE-Noticias-300x196.png 300w, https:\/\/senoticias.com.br\/se\/wp-content\/uploads\/2023\/10\/Opecao-Sao-cristovao-SE-Noticias-90x60.png 90w\" sizes=\"(max-width: 565px) 100vw, 565px\" \/><figcaption>Quatro armas de fogo foram apreendidas na a\u00e7\u00e3o policial &#8211; Foto: PM\/SE<\/figcaption><\/figure>\n\n\n\n<p>Segundo informa\u00e7\u00f5es, a opera\u00e7\u00e3o policial ocorreu a partir de informa\u00e7\u00f5es colhidas junto a populares. As pessoas informaram que estavam sendo amea\u00e7adas pelo grupo especializado em roubos e homic\u00eddios. Com as informa\u00e7\u00f5es, a Pol\u00edcia Militar identificou os tr\u00eas suspeitos.<\/p>\n\n\n\n<p>Diante de informa\u00e7\u00f5es de que eles estariam se preparando para fugirem e de que pelo menos um deles possu\u00eda dois mandados de pris\u00e3o por homic\u00eddio, as equipes da Pol\u00edcia Militar fizeram dilig\u00eancias para prend\u00ea-los.<\/p>\n\n\n\n<p>Na tentativa de abordagem, dois suspeitos entraram em confronto com as equipes policiais. eles acabaram sendo atingidos, foram socorridos, mas n\u00e3o resistiram e morreram. O terceiro suspeito foi preso.<\/p>\n\n\n\n<p>Com os suspeitos, foram apreendidas quatro armas de fogo, al\u00e9m de muni\u00e7\u00f5es de calibres 9mm e .38 SPL, al\u00e9m de diversos cart\u00f5es de cr\u00e9dito e bolsa fam\u00edlia em nomes de terceiros. A ocorr\u00eancia foi conduzida \u00e0 delegacia de S\u00e3o Crist\u00f3v\u00e3o para as provid\u00eancias legais.<\/p>\n\n\n\n<p><strong><em>Acompanhe tamb\u00e9m o SE Not\u00edcias no\u00a0<a rel=\"noreferrer noopener\" href=\"https:\/\/twitter.com\/Senoticias\" target=\"_blank\">Twitter<\/a>,\u00a0<a rel=\"noreferrer noopener\" href=\"https:\/\/www.facebook.com\/senoticias1\" target=\"_blank\">Facebook<\/a>\u00a0e no\u00a0<a rel=\"noreferrer noopener\" href=\"https:\/\/www.instagram.com\/senoticias\/\" target=\"_blank\">Instagram<\/a><\/em><\/strong><\/p>\n\n\n\n<p>Fonte: ascom\/Pol\u00edcia Militar<\/p>\n","protected":false},"excerpt":{"rendered":"<p>Equipes do 1\u00aa Companhia Independente de Pol\u00edcia Militar (1\u00aa CIPM), Comando do Policiamento Especializado (CPME) e Comando do Policiamento Militar da Capital (CPMC) identificaram tr\u00eas homens armados que estariam amea\u00e7ando a popula\u00e7\u00e3o de S\u00e3o Crist\u00f3v\u00e3o. A a\u00e7\u00e3o policial ocorreu na localidade conhecida como Enseada, no Bairro Irineu Nery, em S\u00e3o Crist\u00f3v\u00e3o. Segundo informa\u00e7\u00f5es, a opera\u00e7\u00e3o [&hellip;]<\/p>\n","protected":false},"author":6557,"featured_media":0,"comment_status":"closed","ping_status":"closed","sticky":false,"template":"","format":"standard","meta":{"footnotes":""},"categories":[15,7,1],"tags":[8218,86,335],"class_list":{"0":"post-139373","1":"post","2":"type-post","3":"status-publish","4":"format-standard","6":"category-destaques","7":"category-policia","8":"category-sem-categoria","9":"tag-dois-mortos","10":"tag-policia-militar","11":"tag-sao-cristovao"},"_links":{"self":[{"href":"https:\/\/senoticias.com.br\/se\/wp-json\/wp\/v2\/posts\/139373"}],"collection":[{"href":"https:\/\/senoticias.com.br\/se\/wp-json\/wp\/v2\/posts"}],"about":[{"href":"https:\/\/senoticias.com.br\/se\/wp-json\/wp\/v2\/types\/post"}],"author":[{"embeddable":true,"href":"https:\/\/senoticias.com.br\/se\/wp-json\/wp\/v2\/users\/6557"}],"replies":[{"embeddable":true,"href":"https:\/\/senoticias.com.br\/se\/wp-json\/wp\/v2\/comments?post=139373"}],"version-history":[{"count":0,"href":"https:\/\/senoticias.com.br\/se\/wp-json\/wp\/v2\/posts\/139373\/revisions"}],"wp:attachment":[{"href":"https:\/\/senoticias.com.br\/se\/wp-json\/wp\/v2\/media?parent=139373"}],"wp:term":[{"taxonomy":"category","embeddable":true,"href":"https:\/\/senoticias.com.br\/se\/wp-json\/wp\/v2\/categories?post=139373"},{"taxonomy":"post_tag","embeddable":true,"href":"https:\/\/senoticias.com.br\/se\/wp-json\/wp\/v2\/tags?post=139373"}],"curies":[{"name":"wp","href":"https:\/\/api.w.org\/{rel}","templated":true}]}}