{"id":139312,"date":"2023-10-05T21:40:08","date_gmt":"2023-10-06T00:40:08","guid":{"rendered":"https:\/\/senoticias.com.br\/se\/?p=139312"},"modified":"2023-10-05T21:45:59","modified_gmt":"2023-10-06T00:45:59","slug":"festa-lambe-sujos-x-caboclinhos-acontece-neste-fim-de-semana-em-laranjeiras","status":"publish","type":"post","link":"https:\/\/senoticias.com.br\/se\/festa-lambe-sujos-x-caboclinhos-acontece-neste-fim-de-semana-em-laranjeiras\/","title":{"rendered":"Festa Lambe-Sujos x Caboclinhos acontece neste fim de semana em Laranjeiras"},"content":{"rendered":"\n<p><\/p>\n\n\n\n<p>Neste domingo, 8, acontece em Laranjeiras o maior espet\u00e1culo de teatro \u00e0 c\u00e9u-aberto do mundo; a festa dos lambe-sujos x caboclinhos. A programa\u00e7\u00e3o tem in\u00edcio \u00e0s 4h, com a alvorada festiva. \u00c0s 9h tem a b\u00ean\u00e7\u00e3o dos grupos, em frente \u00e0 igreja Matriz e, \u00e0s 16h, acontece o ponto alto da festa, no campo do Quaresma, com o combate entre os dois grupos. Por\u00e9m, a festividade cultural dura todo o dia.<\/p>\n\n\n\n<figure class=\"wp-block-image size-large\"><img loading=\"lazy\" decoding=\"async\" width=\"589\" height=\"392\" src=\"https:\/\/senoticias.com.br\/se\/wp-content\/uploads\/2023\/10\/Lambe-sujo-caboclinhos-Se-Noticias.jpg\" alt=\"\" class=\"wp-image-139313\" srcset=\"https:\/\/senoticias.com.br\/se\/wp-content\/uploads\/2023\/10\/Lambe-sujo-caboclinhos-Se-Noticias.jpg 589w, https:\/\/senoticias.com.br\/se\/wp-content\/uploads\/2023\/10\/Lambe-sujo-caboclinhos-Se-Noticias-300x200.jpg 300w, https:\/\/senoticias.com.br\/se\/wp-content\/uploads\/2023\/10\/Lambe-sujo-caboclinhos-Se-Noticias-90x60.jpg 90w, https:\/\/senoticias.com.br\/se\/wp-content\/uploads\/2023\/10\/Lambe-sujo-caboclinhos-Se-Noticias-180x120.jpg 180w, https:\/\/senoticias.com.br\/se\/wp-content\/uploads\/2023\/10\/Lambe-sujo-caboclinhos-Se-Noticias-95x64.jpg 95w\" sizes=\"(max-width: 589px) 100vw, 589px\" \/><figcaption>Laranjeiras realiza neste domingo festa dos Lambe-Sujos x Caboclinhos &#8211; Foto: ascom\/divulga\u00e7\u00e3o<\/figcaption><\/figure>\n\n\n\n<p>A manifesta\u00e7\u00e3o cultural dos Lambe-Sujos \u00e9 datada de 1860, bem antes da aboli\u00e7\u00e3o dos escravos no Brasil. O folguedo \u00e9 a representa\u00e7\u00e3o da batalha de dois grupos: de um lado os Lambe Sujos, que representam os escravos e do outro os Caboclinhos, representando os \u00edndios. Com personagens bem divididos, os grupos simulam a luta para resgatar a princesa que foi raptada pelos negros.<\/p>\n\n\n\n<p>A festividade acontece sempre no segundo domingo do m\u00eas de outubro. Para dar mais cor \u00e0 encena\u00e7\u00e3o, os Lambe-Sujos se pintam com carv\u00e3o, mel de caba\u00fa e usam gorro e bermuda vermelha, enquanto os Caboclinhos se pintam com tinta marrom-terra e vestem cocares. Os participantes saem pelas ruas cantando e tocando instrumentos musicais como pandeiro, tamborim e reco-reco.<\/p>\n\n\n\n<p>Para quem assiste, \u00e9 dif\u00edcil sair da festa sem ser pintado, ao menos uma parte do corpo, pelos Lambe-Sujos. Pela import\u00e2ncia hist\u00f3rica, a manifesta\u00e7\u00e3o cultural faz parte do calend\u00e1rio folcl\u00f3rico de Sergipe.<\/p>\n\n\n\n<p><strong><em>Acompanhe tamb\u00e9m o SE Not\u00edcias no\u00a0<a rel=\"noreferrer noopener\" href=\"https:\/\/twitter.com\/Senoticias\" target=\"_blank\">Twitter<\/a>,\u00a0<a rel=\"noreferrer noopener\" href=\"https:\/\/www.facebook.com\/senoticias1\" target=\"_blank\">Facebook<\/a>\u00a0e no\u00a0<a rel=\"noreferrer noopener\" href=\"https:\/\/www.instagram.com\/senoticias\/\" target=\"_blank\">Instagram<\/a><\/em><\/strong><\/p>\n\n\n\n<p>Midiando Comunica\u00e7\u00e3o\/ASCOM PML.<\/p>\n","protected":false},"excerpt":{"rendered":"<p>Neste domingo, 8, acontece em Laranjeiras o maior espet\u00e1culo de teatro \u00e0 c\u00e9u-aberto do mundo; a festa dos lambe-sujos x caboclinhos. A programa\u00e7\u00e3o tem in\u00edcio \u00e0s 4h, com a alvorada festiva. \u00c0s 9h tem a b\u00ean\u00e7\u00e3o dos grupos, em frente \u00e0 igreja Matriz e, \u00e0s 16h, acontece o ponto alto da festa, no campo do [&hellip;]<\/p>\n","protected":false},"author":6557,"featured_media":0,"comment_status":"closed","ping_status":"closed","sticky":false,"template":"","format":"standard","meta":{"footnotes":""},"categories":[15,21,1],"tags":[40171,40172,37391,3327],"class_list":{"0":"post-139312","1":"post","2":"type-post","3":"status-publish","4":"format-standard","6":"category-destaques","7":"category-entretenimento","8":"category-sem-categoria","9":"tag-caboclinhos","10":"tag-lambe-sujos-2","11":"tag-lambe-sujos","12":"tag-prefeitura-de-laranjeiras"},"_links":{"self":[{"href":"https:\/\/senoticias.com.br\/se\/wp-json\/wp\/v2\/posts\/139312"}],"collection":[{"href":"https:\/\/senoticias.com.br\/se\/wp-json\/wp\/v2\/posts"}],"about":[{"href":"https:\/\/senoticias.com.br\/se\/wp-json\/wp\/v2\/types\/post"}],"author":[{"embeddable":true,"href":"https:\/\/senoticias.com.br\/se\/wp-json\/wp\/v2\/users\/6557"}],"replies":[{"embeddable":true,"href":"https:\/\/senoticias.com.br\/se\/wp-json\/wp\/v2\/comments?post=139312"}],"version-history":[{"count":0,"href":"https:\/\/senoticias.com.br\/se\/wp-json\/wp\/v2\/posts\/139312\/revisions"}],"wp:attachment":[{"href":"https:\/\/senoticias.com.br\/se\/wp-json\/wp\/v2\/media?parent=139312"}],"wp:term":[{"taxonomy":"category","embeddable":true,"href":"https:\/\/senoticias.com.br\/se\/wp-json\/wp\/v2\/categories?post=139312"},{"taxonomy":"post_tag","embeddable":true,"href":"https:\/\/senoticias.com.br\/se\/wp-json\/wp\/v2\/tags?post=139312"}],"curies":[{"name":"wp","href":"https:\/\/api.w.org\/{rel}","templated":true}]}}