{"id":139226,"date":"2023-10-02T12:11:19","date_gmt":"2023-10-02T15:11:19","guid":{"rendered":"https:\/\/senoticias.com.br\/se\/?p=139226"},"modified":"2023-10-02T12:11:26","modified_gmt":"2023-10-02T15:11:26","slug":"policia-federal-cumpre-mandado-contra-suspeita-de-falsificar-documentos-para-obter-emprestimo-da-caixa-em-sergipe","status":"publish","type":"post","link":"https:\/\/senoticias.com.br\/se\/policia-federal-cumpre-mandado-contra-suspeita-de-falsificar-documentos-para-obter-emprestimo-da-caixa-em-sergipe\/","title":{"rendered":"Pol\u00edcia Federal cumpre mandado contra suspeita de falsificar documentos para obter empr\u00e9stimo da Caixa em Sergipe"},"content":{"rendered":"\n<p>Na manh\u00e3 desta segunda-feira (2), a Pol\u00edcia Federal cumpriu mandado de busca e apreens\u00e3o contra uma mulher suspeita de auxiliar na falsifica\u00e7\u00e3o de documentos em Aracaju.<\/p>\n\n\n\n<figure class=\"wp-block-image size-large\"><img loading=\"lazy\" decoding=\"async\" width=\"1024\" height=\"697\" src=\"https:\/\/senoticias.com.br\/se\/wp-content\/uploads\/2023\/10\/WhatsApp_Image_2023-10-02_at_07.56.10-1024x697.jpeg\" alt=\"\" class=\"wp-image-139227\"\/><\/figure>\n\n\n\n<p>Segundo a corpora\u00e7\u00e3o, a investiga\u00e7\u00e3o come\u00e7ou no in\u00edcio do ano, quando uma pessoa foi presa no momento que buscava obter empr\u00e9stimo junto \u00e0 Caixa Econ\u00f4mica Federal utilizando documentos de identifica\u00e7\u00e3o em nome de terceiro, supostamente confeccionado pela investigada.<\/p>\n\n\n\n<p>Al\u00e9m de apurar participa\u00e7\u00e3o da mulher no esquema, a a\u00e7\u00e3o busca esclarecer a dimens\u00e3o da organiza\u00e7\u00e3o criminosa, com identifica\u00e7\u00e3o de demais envolvidos e outras fraudes.<\/p>\n\n\n\n<p>A investigada pode responder pelo crime de uso de documento falso e estelionato majorado.<\/p>\n\n\n\n<p><strong><em>Acompanhe tamb\u00e9m o SE Not\u00edcias no\u00a0<a rel=\"noreferrer noopener\" href=\"https:\/\/twitter.com\/Senoticias\" target=\"_blank\">Twitter<\/a>,\u00a0<a rel=\"noreferrer noopener\" href=\"https:\/\/www.facebook.com\/senoticias1\" target=\"_blank\">Facebook<\/a>\u00a0e no\u00a0<a rel=\"noreferrer noopener\" href=\"https:\/\/www.instagram.com\/senoticias\/\" target=\"_blank\">Instagram<\/a><\/em><\/strong><\/p>\n\n\n\n<p>Fonte: A8 SE<\/p>\n","protected":false},"excerpt":{"rendered":"<p>Na manh\u00e3 desta segunda-feira (2), a Pol\u00edcia Federal cumpriu mandado de busca e apreens\u00e3o contra uma mulher suspeita de auxiliar na falsifica\u00e7\u00e3o de documentos em Aracaju. Segundo a corpora\u00e7\u00e3o, a investiga\u00e7\u00e3o come\u00e7ou no in\u00edcio do ano, quando uma pessoa foi presa no momento que buscava obter empr\u00e9stimo junto \u00e0 Caixa Econ\u00f4mica Federal utilizando documentos de [&hellip;]<\/p>\n","protected":false},"author":6557,"featured_media":0,"comment_status":"closed","ping_status":"closed","sticky":false,"template":"","format":"standard","meta":{"footnotes":""},"categories":[15,7],"tags":[40128,15745,37736],"class_list":{"0":"post-139226","1":"post","2":"type-post","3":"status-publish","4":"format-standard","6":"category-destaques","7":"category-policia","8":"tag-emprestimo-da-caixa","9":"tag-falsificacao-de-documento","10":"tag-policia-federal-2"},"_links":{"self":[{"href":"https:\/\/senoticias.com.br\/se\/wp-json\/wp\/v2\/posts\/139226"}],"collection":[{"href":"https:\/\/senoticias.com.br\/se\/wp-json\/wp\/v2\/posts"}],"about":[{"href":"https:\/\/senoticias.com.br\/se\/wp-json\/wp\/v2\/types\/post"}],"author":[{"embeddable":true,"href":"https:\/\/senoticias.com.br\/se\/wp-json\/wp\/v2\/users\/6557"}],"replies":[{"embeddable":true,"href":"https:\/\/senoticias.com.br\/se\/wp-json\/wp\/v2\/comments?post=139226"}],"version-history":[{"count":0,"href":"https:\/\/senoticias.com.br\/se\/wp-json\/wp\/v2\/posts\/139226\/revisions"}],"wp:attachment":[{"href":"https:\/\/senoticias.com.br\/se\/wp-json\/wp\/v2\/media?parent=139226"}],"wp:term":[{"taxonomy":"category","embeddable":true,"href":"https:\/\/senoticias.com.br\/se\/wp-json\/wp\/v2\/categories?post=139226"},{"taxonomy":"post_tag","embeddable":true,"href":"https:\/\/senoticias.com.br\/se\/wp-json\/wp\/v2\/tags?post=139226"}],"curies":[{"name":"wp","href":"https:\/\/api.w.org\/{rel}","templated":true}]}}