{"id":139154,"date":"2023-09-26T11:18:59","date_gmt":"2023-09-26T14:18:59","guid":{"rendered":"https:\/\/senoticias.com.br\/se\/?p=139154"},"modified":"2023-09-26T11:20:02","modified_gmt":"2023-09-26T14:20:02","slug":"orquestra-sinfonica-de-sergipe-apresenta-concerto-de-opera-com-dois-solistas-premiados-nesta-quinta-feira","status":"publish","type":"post","link":"https:\/\/senoticias.com.br\/se\/orquestra-sinfonica-de-sergipe-apresenta-concerto-de-opera-com-dois-solistas-premiados-nesta-quinta-feira\/","title":{"rendered":"Orquestra Sinf\u00f4nica de Sergipe apresenta concerto de \u00f3pera com dois solistas premiados nesta quinta-feira"},"content":{"rendered":"\n<p>A Orquestra Sinf\u00f4nica de Sergipe (Orsse) apresenta concerto &#8216;Gala oper\u00edstica: vencedores do Concurso Brasileiro de Canto Maria Callas&#8217; sob reg\u00eancia do maestro Guilherme Mannis no Teatro Tobias Barreto, em Aracaju, nesta quinta-feira (28). O evento conta com presen\u00e7a de dois solistas premiados: soprano N\u00fabia Eunice e tenor Lucas Melo.<\/p>\n\n\n\n<figure class=\"wp-block-image size-large\"><img loading=\"lazy\" decoding=\"async\" width=\"1024\" height=\"683\" src=\"https:\/\/senoticias.com.br\/se\/wp-content\/uploads\/2023\/09\/orquestra-senoticias-1024x683.jpg\" alt=\"\" class=\"wp-image-139155\"\/><\/figure>\n\n\n\n<p>Na ocasi\u00e3o, artistas vencedores do concurso nacional ser\u00e3o premiados, trazendo \u00e1rias e aberturas de \u00f3peras famosas, tais como &#8216;La Boh\u00e8me&#8217; e &#8216;Turandot&#8217;, de Puccini, &#8216;Um baile de m\u00e1scaras&#8217; e &#8216;La Traviata&#8217;, de Verdi, &#8216;Romeu e Julieta&#8217; e &#8216;Fausto&#8217;, de Gounod, &#8216;Il Guarany&#8217;, de Carlos Gomes, entre outras.<\/p>\n\n\n\n<p>Al\u00e9m disso, haver\u00e1 famosos excertos do repert\u00f3rio oper\u00edstico, dentre os quais ser\u00e3o apresentadas as aberturas das \u00f3peras Norma, de Bellini, Il Guarany, de Carlos Gomes, al\u00e9m de \u00e1rias famosas como &#8216;Che gelida manina&#8217; e &#8216;Mi chiamano Mimi&#8217;, de La Boh\u00e8me (Puccini), &#8216;Vesti laGiubba&#8217;, de Pagliacci (Leoncavallo), &#8216;\u00c1ria das Joias&#8217;, de Fausto (Gounod), &#8216;Brindisi&#8217; de La Traviata (Verdi), entre muitas outras.<\/p>\n\n\n\n<p>Os ingressos est\u00e3o sendo vendidos a pre\u00e7os populares nas bilheterias do teatro.<\/p>\n\n\n\n<p><strong><em>Acompanhe tamb\u00e9m o SE Not\u00edcias no&nbsp;<a rel=\"noreferrer noopener\" href=\"https:\/\/twitter.com\/Senoticias\" target=\"_blank\">Twitter<\/a>,&nbsp;<a rel=\"noreferrer noopener\" href=\"https:\/\/www.facebook.com\/senoticias1\" target=\"_blank\">Facebook<\/a>&nbsp;e no&nbsp;<a rel=\"noreferrer noopener\" href=\"https:\/\/www.instagram.com\/senoticias\/\" target=\"_blank\">Instagram<\/a><\/em><\/strong><\/p>\n\n\n\n<p>Fonte: A8 SE<\/p>\n","protected":false},"excerpt":{"rendered":"<p>A Orquestra Sinf\u00f4nica de Sergipe (Orsse) apresenta concerto &#8216;Gala oper\u00edstica: vencedores do Concurso Brasileiro de Canto Maria Callas&#8217; sob reg\u00eancia do maestro Guilherme Mannis no Teatro Tobias Barreto, em Aracaju, nesta quinta-feira (28). O evento conta com presen\u00e7a de dois solistas premiados: soprano N\u00fabia Eunice e tenor Lucas Melo. Na ocasi\u00e3o, artistas vencedores do concurso [&hellip;]<\/p>\n","protected":false},"author":6557,"featured_media":0,"comment_status":"closed","ping_status":"closed","sticky":false,"template":"","format":"standard","meta":{"footnotes":""},"categories":[15,21],"tags":[40086,12535,3561],"class_list":{"0":"post-139154","1":"post","2":"type-post","3":"status-publish","4":"format-standard","6":"category-destaques","7":"category-entretenimento","8":"tag-concerto-de-opera","9":"tag-orquestra-sinfonica-de-sergipe","10":"tag-orsse"},"_links":{"self":[{"href":"https:\/\/senoticias.com.br\/se\/wp-json\/wp\/v2\/posts\/139154"}],"collection":[{"href":"https:\/\/senoticias.com.br\/se\/wp-json\/wp\/v2\/posts"}],"about":[{"href":"https:\/\/senoticias.com.br\/se\/wp-json\/wp\/v2\/types\/post"}],"author":[{"embeddable":true,"href":"https:\/\/senoticias.com.br\/se\/wp-json\/wp\/v2\/users\/6557"}],"replies":[{"embeddable":true,"href":"https:\/\/senoticias.com.br\/se\/wp-json\/wp\/v2\/comments?post=139154"}],"version-history":[{"count":0,"href":"https:\/\/senoticias.com.br\/se\/wp-json\/wp\/v2\/posts\/139154\/revisions"}],"wp:attachment":[{"href":"https:\/\/senoticias.com.br\/se\/wp-json\/wp\/v2\/media?parent=139154"}],"wp:term":[{"taxonomy":"category","embeddable":true,"href":"https:\/\/senoticias.com.br\/se\/wp-json\/wp\/v2\/categories?post=139154"},{"taxonomy":"post_tag","embeddable":true,"href":"https:\/\/senoticias.com.br\/se\/wp-json\/wp\/v2\/tags?post=139154"}],"curies":[{"name":"wp","href":"https:\/\/api.w.org\/{rel}","templated":true}]}}