{"id":139138,"date":"2023-09-25T10:35:33","date_gmt":"2023-09-25T13:35:33","guid":{"rendered":"https:\/\/senoticias.com.br\/se\/?p=139138"},"modified":"2023-09-25T10:35:38","modified_gmt":"2023-09-25T13:35:38","slug":"prefeitura-abre-inscricoes-para-o-concurso-de-cartazes-da-38o-edicao-do-fasc","status":"publish","type":"post","link":"https:\/\/senoticias.com.br\/se\/prefeitura-abre-inscricoes-para-o-concurso-de-cartazes-da-38o-edicao-do-fasc\/","title":{"rendered":"Prefeitura abre inscri\u00e7\u00f5es para o Concurso de Cartazes da 38\u00ba edi\u00e7\u00e3o do FASC"},"content":{"rendered":"\n<p>Por interm\u00e9dio da Funda\u00e7\u00e3o Municipal de Cultura e Turismo Jo\u00e3o Bebe \u00c1gua (Fumctur), o \u201cConcurso do Cartaz oficial do 38\u00ba FASC\u201d est\u00e1 com inscri\u00e7\u00f5es abertas para interessados em elaborar uma arte visual que demonstra a hist\u00f3rias do Festival de Artes de S\u00e3o Crist\u00f3v\u00e3o. A arte vencedora, al\u00e9m de ter espa\u00e7o no acervo do munic\u00edpio, receber\u00e1 premia\u00e7\u00e3o no valor individual de R$ 5 mil reais. O edital e o formul\u00e1rio para as inscri\u00e7\u00f5es est\u00e3o dispon\u00edveis no site da Prefeitura de S\u00e3o Crist\u00f3v\u00e3o . Os interessados podem se inscrever at\u00e9 06 de novembro.<\/p>\n\n\n\n<figure class=\"wp-block-image size-large\"><img loading=\"lazy\" decoding=\"async\" width=\"1024\" height=\"682\" src=\"https:\/\/senoticias.com.br\/se\/wp-content\/uploads\/2023\/09\/fasc-senoticias-1024x682.png\" alt=\"\" class=\"wp-image-139139\"\/><\/figure>\n\n\n\n<p>O concurso visa estimular a produ\u00e7\u00e3o emergente em artes visuais, em \u00e2mbito nacional, por meio da realiza\u00e7\u00e3o dessa exposi\u00e7\u00e3o e divulga\u00e7\u00e3o do trabalho dos artistas, proporcionando \u00e0 sociedade um evento cultural relevante e de boa qualidade.<\/p>\n\n\n\n<p>Em comemora\u00e7\u00e3o aos 51 anos do Festival de Artes de S\u00e3o Crist\u00f3v\u00e3o, ser\u00e1 selecionada a obra que melhor representa a hist\u00f3ria do festival e da Cidade M\u00e3e de Sergipe, al\u00e9m de retratar sua relev\u00e2ncia cultural e patrim\u00f4nio, a import\u00e2ncia para o desenvolvimento econ\u00f4mico da cidade, a promo\u00e7\u00e3o e a difus\u00e3o de atividades art\u00edsticas e culturais de Sergipe.<\/p>\n\n\n\n<p>Para a presidenta da Fumctur, Paola Santana, o concurso \u00e9 importante para al\u00e9m de divulgar o festival, resgatar uma tradi\u00e7\u00e3o. \u201c\u00c9 uma forma de regularizar e bonificar pessoas que se interessam em produzir uma pe\u00e7a de arte para entrar no acervo do munic\u00edpio, ent\u00e3o, gostaria de que o m\u00e1ximo de pessoas participassem e que a gente recebesse v\u00e1rias pe\u00e7as lindas como em outros anos\u201d.<\/p>\n\n\n\n<figure class=\"wp-block-image size-large\"><img loading=\"lazy\" decoding=\"async\" width=\"1024\" height=\"768\" src=\"https:\/\/senoticias.com.br\/se\/wp-content\/uploads\/2023\/09\/paola-santana-senoticias-1024x768.jpg\" alt=\"\" class=\"wp-image-139140\"\/><figcaption>\nPaola Santana, presidenta da Fumctur. &#8211; Foto: Heitor Xavier <\/figcaption><\/figure>\n\n\n\n<p><strong>Inscri\u00e7\u00f5es<\/strong><\/p>\n\n\n\n<p>As inscri\u00e7\u00f5es para a sele\u00e7\u00e3o das obras de artes s\u00e3o gratuitas e podem ser feitas at\u00e9 o dia 06 de novembro. Ser\u00e3o aceitas inscri\u00e7\u00f5es de pessoas f\u00edsicas, incluindo coletivos de artistas, diretamente respons\u00e1veis pela cria\u00e7\u00e3o e execu\u00e7\u00e3o de suas obras. Cada interessado poder\u00e1 se inscrever com at\u00e9 duas propostas, sendo uma individual e uma coletiva.<\/p>\n\n\n\n<p>As obras selecionadas ser\u00e3o julgadas por uma Comiss\u00e3o de Sele\u00e7\u00e3o composta por representantes da Fumctur e da Prefeitura Municipal de S\u00e3o Crist\u00f3v\u00e3o, em que ser\u00e3o avaliadas a partir de crit\u00e9rios como: clareza e conformidade com o edital; comunica\u00e7\u00e3o do tema proposto no cartaz; al\u00e9m da est\u00e9tica e originalidade do cartaz.<\/p>\n\n\n\n<p>O resultado preliminar ser\u00e1 divulgado no dia 07 de novembro e o resultado definitivo dia 10 de novembro no site da Prefeitura e o vencedor levar\u00e1 um pr\u00eamio no valor individual de R$ 5 mil. O cartaz ser\u00e1 utilizado como pe\u00e7a principal de divulga\u00e7\u00e3o do 38\u00ba Festival de Artes de S\u00e3o Crist\u00f3v\u00e3o, bem como servir\u00e1 de base para as pe\u00e7as de comunica\u00e7\u00e3o visual de todo o Festival e seus espa\u00e7os.<\/p>\n\n\n\n<p><strong>Documenta\u00e7\u00e3o necess\u00e1ria<\/strong><\/p>\n\n\n\n<p>Para realizar a inscri\u00e7\u00e3o, basta acessar o formul\u00e1rio digital dispon\u00edvel onde dever\u00e3o ser anexados os seguintes documentos:<\/p>\n\n\n\n<p><strong>Memorial descritivo;<\/strong><\/p>\n\n\n\n<p>Memorial (tamanho m\u00e1ximo de at\u00e9 2 p\u00e1ginas), com texto sucinto sobre a pe\u00e7a, em linguagem clara e objetiva;<\/p>\n\n\n\n<p>Curr\u00edculo sucinto do(s) artista(s), constando o seu nome civil, nome art\u00edstico, endere\u00e7o, telefone, endere\u00e7o eletr\u00f4nico, forma\u00e7\u00e3o, exposi\u00e7\u00f5es realizadas e outras atividades profissionais;<\/p>\n\n\n\n<p>C\u00f3pia do RG, do CPF e do comprovante de resid\u00eancia atualizado do candidato;<\/p>\n\n\n\n<p>Em caso do(s) artista(s) nomear (em) um representante legal para o ato de inscri\u00e7\u00e3o, dever\u00e1 ser anexada procura\u00e7\u00e3o devidamente registrada em cart\u00f3rio;<\/p>\n\n\n\n<p>Ficha de inscri\u00e7\u00e3o devidamente preenchida, assinada e leg\u00edvel;<\/p>\n\n\n\n<p>Arquivo em meio digital em alta resolu\u00e7\u00e3o em extens\u00e3o PDF ou JPG.<\/p>\n\n\n\n<p><strong><em>Acompanhe tamb\u00e9m o SE Not\u00edcias no&nbsp;<a rel=\"noreferrer noopener\" href=\"https:\/\/twitter.com\/Senoticias\" target=\"_blank\">Twitter<\/a>,&nbsp;<a rel=\"noreferrer noopener\" href=\"https:\/\/www.facebook.com\/senoticias1\" target=\"_blank\">Facebook<\/a>&nbsp;e no&nbsp;<a rel=\"noreferrer noopener\" href=\"https:\/\/www.instagram.com\/senoticias\/\" target=\"_blank\">Instagram<\/a><\/em><\/strong><\/p>\n\n\n\n<p>Fonte: PMSC<\/p>\n","protected":false},"excerpt":{"rendered":"<p>Por interm\u00e9dio da Funda\u00e7\u00e3o Municipal de Cultura e Turismo Jo\u00e3o Bebe \u00c1gua (Fumctur), o \u201cConcurso do Cartaz oficial do 38\u00ba FASC\u201d est\u00e1 com inscri\u00e7\u00f5es abertas para interessados em elaborar uma arte visual que demonstra a hist\u00f3rias do Festival de Artes de S\u00e3o Crist\u00f3v\u00e3o. A arte vencedora, al\u00e9m de ter espa\u00e7o no acervo do munic\u00edpio, receber\u00e1 [&hellip;]<\/p>\n","protected":false},"author":6557,"featured_media":0,"comment_status":"closed","ping_status":"closed","sticky":false,"template":"","format":"standard","meta":{"footnotes":""},"categories":[15,21],"tags":[6904,16002],"class_list":{"0":"post-139138","1":"post","2":"type-post","3":"status-publish","4":"format-standard","6":"category-destaques","7":"category-entretenimento","8":"tag-fasc","9":"tag-prefeitura-de-sao-cristovao-2"},"_links":{"self":[{"href":"https:\/\/senoticias.com.br\/se\/wp-json\/wp\/v2\/posts\/139138"}],"collection":[{"href":"https:\/\/senoticias.com.br\/se\/wp-json\/wp\/v2\/posts"}],"about":[{"href":"https:\/\/senoticias.com.br\/se\/wp-json\/wp\/v2\/types\/post"}],"author":[{"embeddable":true,"href":"https:\/\/senoticias.com.br\/se\/wp-json\/wp\/v2\/users\/6557"}],"replies":[{"embeddable":true,"href":"https:\/\/senoticias.com.br\/se\/wp-json\/wp\/v2\/comments?post=139138"}],"version-history":[{"count":0,"href":"https:\/\/senoticias.com.br\/se\/wp-json\/wp\/v2\/posts\/139138\/revisions"}],"wp:attachment":[{"href":"https:\/\/senoticias.com.br\/se\/wp-json\/wp\/v2\/media?parent=139138"}],"wp:term":[{"taxonomy":"category","embeddable":true,"href":"https:\/\/senoticias.com.br\/se\/wp-json\/wp\/v2\/categories?post=139138"},{"taxonomy":"post_tag","embeddable":true,"href":"https:\/\/senoticias.com.br\/se\/wp-json\/wp\/v2\/tags?post=139138"}],"curies":[{"name":"wp","href":"https:\/\/api.w.org\/{rel}","templated":true}]}}