{"id":139131,"date":"2023-09-25T05:45:01","date_gmt":"2023-09-25T08:45:01","guid":{"rendered":"https:\/\/senoticias.com.br\/se\/?p=139131"},"modified":"2023-09-25T05:45:09","modified_gmt":"2023-09-25T08:45:09","slug":"policia-ambiental-fecha-rinha-de-galo-na-grande-aracaju","status":"publish","type":"post","link":"https:\/\/senoticias.com.br\/se\/policia-ambiental-fecha-rinha-de-galo-na-grande-aracaju\/","title":{"rendered":"Pol\u00edcia Ambiental fecha rinha de galo na Grande Aracaju"},"content":{"rendered":"\n<p>Na tarde de s\u00e1bado, 23, policiais do Pelot\u00e3o de Pol\u00edcia Ambiental (PPAmb) fecharam uma rinha de galo que funcionava em uma resid\u00eancia no Parque dos Far\u00f3is, munic\u00edpio de Nossa Senhora do Socorro. 28 galos com sinais de maus-tratos foram apreendidos, al\u00e9m de sete aves da fauna silvestre que eram criadas ilegalmente no local.<\/p>\n\n\n\n<figure class=\"wp-block-image size-large\"><img loading=\"lazy\" decoding=\"async\" width=\"598\" height=\"499\" src=\"https:\/\/senoticias.com.br\/se\/wp-content\/uploads\/2023\/09\/Galo-de-briga-Se-noticias.jpg\" alt=\"\" class=\"wp-image-139132\" srcset=\"https:\/\/senoticias.com.br\/se\/wp-content\/uploads\/2023\/09\/Galo-de-briga-Se-noticias.jpg 598w, https:\/\/senoticias.com.br\/se\/wp-content\/uploads\/2023\/09\/Galo-de-briga-Se-noticias-300x250.jpg 300w\" sizes=\"(max-width: 598px) 100vw, 598px\" \/><figcaption>28 galos com sinais de maus-tratos foram apreendidos &#8211; Foto: PM\/SE<\/figcaption><\/figure>\n\n\n\n<p>A equipe do Pelot\u00e3o Ambiental foi acionada para atender a den\u00fancia de que havia uma rinha de galo na localidade. No im\u00f3vel, os policiais constataram a exist\u00eancia de um evento destinados \u00e0 briga de galos, al\u00e9m de v\u00e1rias jaulas utilizadas como cativeiros.<\/p>\n\n\n\n<p>De acordo com a equipe do PPAmb, dezenas de pessoas fugiram ao perceberem a presen\u00e7a da viatura nas proximidades do endere\u00e7o denunciado, restando apenas o propriet\u00e1rio. L\u00e1 foram encontrados os 28 galos apreendidos, sendo que a maioria deles apresentava sangramentos e sinais de maus-tratos.<\/p>\n\n\n\n<p>Na a\u00e7\u00e3o, os militares tamb\u00e9m apreenderam 7 p\u00e1ssaros, que estavam sendo mantidos em gaiolas sem a devida licen\u00e7a ambiental.<\/p>\n\n\n\n<p>Diante do flagrante de crime ambiental, o propriet\u00e1rio do local foi notificado por meio de um Termo Circunstanciado de Ocorr\u00eancia (TCO), pelo crime de maus-tratos e pela cria\u00e7\u00e3o ilegal de aves silvestres, para, posteriormente, responder no \u00e2mbito judicial.<br><br><strong><em>Acompanhe tamb\u00e9m o SE Not\u00edcias no\u00a0<a rel=\"noreferrer noopener\" href=\"https:\/\/twitter.com\/Senoticias\" target=\"_blank\">Twitter<\/a>,\u00a0<a rel=\"noreferrer noopener\" href=\"https:\/\/www.facebook.com\/senoticias1\" target=\"_blank\">Facebook<\/a>\u00a0e no\u00a0<a rel=\"noreferrer noopener\" href=\"https:\/\/www.instagram.com\/senoticias\/\" target=\"_blank\">Instagram<\/a><\/em><\/strong><\/p>\n\n\n\n<p>Fonte: PM\/SE<\/p>\n","protected":false},"excerpt":{"rendered":"<p>Na tarde de s\u00e1bado, 23, policiais do Pelot\u00e3o de Pol\u00edcia Ambiental (PPAmb) fecharam uma rinha de galo que funcionava em uma resid\u00eancia no Parque dos Far\u00f3is, munic\u00edpio de Nossa Senhora do Socorro. 28 galos com sinais de maus-tratos foram apreendidos, al\u00e9m de sete aves da fauna silvestre que eram criadas ilegalmente no local. A equipe [&hellip;]<\/p>\n","protected":false},"author":6557,"featured_media":0,"comment_status":"closed","ping_status":"closed","sticky":false,"template":"","format":"standard","meta":{"footnotes":""},"categories":[15,7],"tags":[322,36397,7987,14990],"class_list":{"0":"post-139131","1":"post","2":"type-post","3":"status-publish","4":"format-standard","6":"category-destaques","7":"category-policia","8":"tag-grande-aracaju","9":"tag-parque-dos-farois-2","10":"tag-pelotao-de-policia-ambiental","11":"tag-rinha-de-galo"},"_links":{"self":[{"href":"https:\/\/senoticias.com.br\/se\/wp-json\/wp\/v2\/posts\/139131"}],"collection":[{"href":"https:\/\/senoticias.com.br\/se\/wp-json\/wp\/v2\/posts"}],"about":[{"href":"https:\/\/senoticias.com.br\/se\/wp-json\/wp\/v2\/types\/post"}],"author":[{"embeddable":true,"href":"https:\/\/senoticias.com.br\/se\/wp-json\/wp\/v2\/users\/6557"}],"replies":[{"embeddable":true,"href":"https:\/\/senoticias.com.br\/se\/wp-json\/wp\/v2\/comments?post=139131"}],"version-history":[{"count":0,"href":"https:\/\/senoticias.com.br\/se\/wp-json\/wp\/v2\/posts\/139131\/revisions"}],"wp:attachment":[{"href":"https:\/\/senoticias.com.br\/se\/wp-json\/wp\/v2\/media?parent=139131"}],"wp:term":[{"taxonomy":"category","embeddable":true,"href":"https:\/\/senoticias.com.br\/se\/wp-json\/wp\/v2\/categories?post=139131"},{"taxonomy":"post_tag","embeddable":true,"href":"https:\/\/senoticias.com.br\/se\/wp-json\/wp\/v2\/tags?post=139131"}],"curies":[{"name":"wp","href":"https:\/\/api.w.org\/{rel}","templated":true}]}}