{"id":139084,"date":"2023-09-20T12:42:09","date_gmt":"2023-09-20T15:42:09","guid":{"rendered":"https:\/\/senoticias.com.br\/se\/?p=139084"},"modified":"2023-09-20T12:45:43","modified_gmt":"2023-09-20T15:45:43","slug":"cantor-iguinho-marques-se-casa-em-caninde-de-sao-francisco","status":"publish","type":"post","link":"https:\/\/senoticias.com.br\/se\/cantor-iguinho-marques-se-casa-em-caninde-de-sao-francisco\/","title":{"rendered":"Cantor Iguinho Marques se casa em Canind\u00e9 de S\u00e3o Francisco"},"content":{"rendered":"\n<p><\/p>\n\n\n\n<p>O munic\u00edpio de Canind\u00e9 de S\u00e3o Francisco, no Sert\u00e3o de Sergipe, foi o local escolhido para o casamento do cantor de piseiro Iguinho Marques, da dupla Iguinho e Lulinha, e da arquiteta Emelly Thaiane. A cerim\u00f4nia foi realizada na tarde desta ter\u00e7a-feira (19), em um restaurante, \u00e0 beira do Velho Chico.<\/p>\n\n\n\n<p>O casal que est\u00e1 junto h\u00e1 tr\u00eas anos e meio se uniu na presen\u00e7a de familiares e amigos, entre eles, o cantores Tarc\u00edsio do Acordeon, Pablo do Arrocha e Vitor Fernandes.<\/p>\n\n\n\n<figure class=\"wp-block-image size-large\"><img loading=\"lazy\" decoding=\"async\" width=\"560\" height=\"364\" src=\"https:\/\/senoticias.com.br\/se\/wp-content\/uploads\/2023\/09\/Iguinho-e-Emelly-SE-Noticias.jpg\" alt=\"\" class=\"wp-image-139086\" srcset=\"https:\/\/senoticias.com.br\/se\/wp-content\/uploads\/2023\/09\/Iguinho-e-Emelly-SE-Noticias.jpg 560w, https:\/\/senoticias.com.br\/se\/wp-content\/uploads\/2023\/09\/Iguinho-e-Emelly-SE-Noticias-300x195.jpg 300w, https:\/\/senoticias.com.br\/se\/wp-content\/uploads\/2023\/09\/Iguinho-e-Emelly-SE-Noticias-90x60.jpg 90w\" sizes=\"(max-width: 560px) 100vw, 560px\" \/><figcaption>Casamento de Iguinho e Emelly em Canind\u00e9 de S\u00e3o Francisco (SE) \u2014 Foto: Arquivo pessoal<\/figcaption><\/figure>\n\n\n\n<p>Durante a cerim\u00f4nia, a noiva subiu ao altar ao som do sucesso da dupla sergipana, \u2018Eu Te Amo Tanto\u2019: &#8220;eu e voc\u00ea j\u00e1 tava escrito nas estrelas..Que era amor pra vida inteira..&#8221;.<\/p>\n\n\n\n<p>Em seu perfil em uma rede social, horas antes do casamento, Iguinho mostrou uma surpresa que fez para Emelly nessa segunda-feira. Na ocasi\u00e3o, o cantor montou um piquenique rom\u00e2ntico em um iate, enquanto os dois passeavam pelo Velho Chico.<br><br><strong><em>Acompanhe tamb\u00e9m o SE Not\u00edcias no\u00a0<a rel=\"noreferrer noopener\" href=\"https:\/\/twitter.com\/Senoticias\" target=\"_blank\">Twitter<\/a>,\u00a0<a rel=\"noreferrer noopener\" href=\"https:\/\/www.facebook.com\/senoticias1\" target=\"_blank\">Facebook<\/a>\u00a0e no\u00a0<a rel=\"noreferrer noopener\" href=\"https:\/\/www.instagram.com\/senoticias\/\" target=\"_blank\">Instagram<\/a><\/em><\/strong><\/p>\n\n\n\n<p>Por Leonardo Barreto, <strong><a href=\"https:\/\/g1.globo.com\/se\/sergipe\/noticia\/2023\/09\/19\/cantor-iguinho-marques-se-casa-em-caninde-de-sao-francisco.ghtml\">g1<\/a><\/strong> SE<\/p>\n","protected":false},"excerpt":{"rendered":"<p>O munic\u00edpio de Canind\u00e9 de S\u00e3o Francisco, no Sert\u00e3o de Sergipe, foi o local escolhido para o casamento do cantor de piseiro Iguinho Marques, da dupla Iguinho e Lulinha, e da arquiteta Emelly Thaiane. A cerim\u00f4nia foi realizada na tarde desta ter\u00e7a-feira (19), em um restaurante, \u00e0 beira do Velho Chico. O casal que est\u00e1 [&hellip;]<\/p>\n","protected":false},"author":6557,"featured_media":0,"comment_status":"closed","ping_status":"closed","sticky":false,"template":"","format":"standard","meta":{"footnotes":""},"categories":[15,1,8],"tags":[40053,1953,40051,40054,40052],"class_list":{"0":"post-139084","1":"post","2":"type-post","3":"status-publish","4":"format-standard","6":"category-destaques","7":"category-sem-categoria","8":"category-esporte-e-cultura","9":"tag-arquiteta-emelly-thaiane","10":"tag-caninde-de-sao-francisco","11":"tag-cantor-iguinho","12":"tag-iguinho-e-lulinha","13":"tag-iguinho-marques"},"_links":{"self":[{"href":"https:\/\/senoticias.com.br\/se\/wp-json\/wp\/v2\/posts\/139084"}],"collection":[{"href":"https:\/\/senoticias.com.br\/se\/wp-json\/wp\/v2\/posts"}],"about":[{"href":"https:\/\/senoticias.com.br\/se\/wp-json\/wp\/v2\/types\/post"}],"author":[{"embeddable":true,"href":"https:\/\/senoticias.com.br\/se\/wp-json\/wp\/v2\/users\/6557"}],"replies":[{"embeddable":true,"href":"https:\/\/senoticias.com.br\/se\/wp-json\/wp\/v2\/comments?post=139084"}],"version-history":[{"count":0,"href":"https:\/\/senoticias.com.br\/se\/wp-json\/wp\/v2\/posts\/139084\/revisions"}],"wp:attachment":[{"href":"https:\/\/senoticias.com.br\/se\/wp-json\/wp\/v2\/media?parent=139084"}],"wp:term":[{"taxonomy":"category","embeddable":true,"href":"https:\/\/senoticias.com.br\/se\/wp-json\/wp\/v2\/categories?post=139084"},{"taxonomy":"post_tag","embeddable":true,"href":"https:\/\/senoticias.com.br\/se\/wp-json\/wp\/v2\/tags?post=139084"}],"curies":[{"name":"wp","href":"https:\/\/api.w.org\/{rel}","templated":true}]}}