{"id":139022,"date":"2023-09-15T06:40:10","date_gmt":"2023-09-15T09:40:10","guid":{"rendered":"https:\/\/senoticias.com.br\/se\/?p=139022"},"modified":"2023-09-15T06:43:12","modified_gmt":"2023-09-15T09:43:12","slug":"policia-militar-realiza-operacao-meu-bairro-mais-seguro-na-cidade-de-sao-cristovao","status":"publish","type":"post","link":"https:\/\/senoticias.com.br\/se\/policia-militar-realiza-operacao-meu-bairro-mais-seguro-na-cidade-de-sao-cristovao\/","title":{"rendered":"Pol\u00edcia Militar realiza opera\u00e7\u00e3o Meu Bairro Mais Seguro na cidade de S\u00e3o Crist\u00f3v\u00e3o"},"content":{"rendered":"\n<p>Na manh\u00e3 desta quinta-feira (14), o comandante-geral da Pol\u00edcia Militar de Sergipe, coronel Alexsandro Ribeiro, liderou uma grande opera\u00e7\u00e3o na cidade de S\u00e3o Crist\u00f3v\u00e3o, contando com a presen\u00e7a do Comando do Policiamento Militar da Capital, Comando do Policiamento Militar do Interior e Comando do Policiamento Militar Especializado.<\/p>\n\n\n\n<figure class=\"wp-block-image size-large\"><img loading=\"lazy\" decoding=\"async\" width=\"544\" height=\"363\" src=\"https:\/\/senoticias.com.br\/se\/wp-content\/uploads\/2023\/09\/PMSE-SE-noticias.jpeg\" alt=\"\" class=\"wp-image-139023\" srcset=\"https:\/\/senoticias.com.br\/se\/wp-content\/uploads\/2023\/09\/PMSE-SE-noticias.jpeg 544w, https:\/\/senoticias.com.br\/se\/wp-content\/uploads\/2023\/09\/PMSE-SE-noticias-300x200.jpeg 300w, https:\/\/senoticias.com.br\/se\/wp-content\/uploads\/2023\/09\/PMSE-SE-noticias-90x60.jpeg 90w, https:\/\/senoticias.com.br\/se\/wp-content\/uploads\/2023\/09\/PMSE-SE-noticias-180x120.jpeg 180w, https:\/\/senoticias.com.br\/se\/wp-content\/uploads\/2023\/09\/PMSE-SE-noticias-95x64.jpeg 95w\" sizes=\"(max-width: 544px) 100vw, 544px\" \/><figcaption>O coronel Alexsandro Ribeiro se reuniu com os militares na sede da 1\u00aa Companhia Independente de Pol\u00edcia Militar, na Pra\u00e7a da Matriz &#8211; Foto: ascom\/PM\/SE<\/figcaption><\/figure>\n\n\n\n<p>Segundo o coronel George, do Comando do Policiamento Militar da Capital, \u201cesta \u00e9 uma opera\u00e7\u00e3o planejada pela PMSE em conjunto com o comando das unidades de \u00e1rea, tendo como base os indicativos de criminalidade de cada regi\u00e3o. Analisamos as necessidades espec\u00edficas de cada localidade, e tra\u00e7amos um planejamento em conjunto com o Comando-geral, para que cada equipe seja demandada de acordo com a necessidade de cada opera\u00e7\u00e3o\u201d, explicou o comandante do CPMC.<\/p>\n\n\n\n<p>O coronel Alexsandro Ribeiro se reuniu com os militares na sede da 1\u00aa Companhia Independente de Pol\u00edcia Militar, na Pra\u00e7a da Matriz, e deu as diretrizes sobre a opera\u00e7\u00e3o. Na oportunidade, tamb\u00e9m conversou&nbsp; com os policiais sobre assuntos de interesse da tropa.<\/p>\n\n\n\n<p>\u201cO que estamos realizando hoje \u00e9 decorrente de um planejamento operacional, dos grandes comandos da Pol\u00edcia Militar, e o objetivo \u00e9 refor\u00e7ar o policiamento ostensivo em locais ou cidades que apresentem essa demanda. A finalidade maior \u00e9 combater e diminuir os \u00edndices da criminalidade, e melhorar a percep\u00e7\u00e3o da seguran\u00e7a p\u00fablica por parte da sociedade. Estamos com um grande aparato policial, que estar\u00e1 distribu\u00eddo em toda Cidade de S\u00e3o Crist\u00f3v\u00e3o, em pontos estrat\u00e9gicos, dando maior visibilidade, realizando abordagens a pessoas e ve\u00edculos, e, assim, trazendo essa sensa\u00e7\u00e3o de seguran\u00e7a\u201d , pontuou o comandante.<\/p>\n\n\n\n<p>Diversas unidades foram acionadas para esta opera\u00e7\u00e3o, que teve in\u00edcio nas primeiras horas da manh\u00e3, e se estendeu por diversos bairros do munic\u00edpio.<br><br><strong><em>Acompanhe tamb\u00e9m o SE Not\u00edcias no\u00a0<a rel=\"noreferrer noopener\" href=\"https:\/\/twitter.com\/Senoticias\" target=\"_blank\">Twitter<\/a>,\u00a0<a rel=\"noreferrer noopener\" href=\"https:\/\/www.facebook.com\/senoticias1\" target=\"_blank\">Facebook<\/a>\u00a0e no\u00a0<a rel=\"noreferrer noopener\" href=\"https:\/\/www.instagram.com\/senoticias\/\" target=\"_blank\">Instagram<\/a><\/em><\/strong><br><br>Fonte: ascom\/PM\/SE<\/p>\n","protected":false},"excerpt":{"rendered":"<p>Na manh\u00e3 desta quinta-feira (14), o comandante-geral da Pol\u00edcia Militar de Sergipe, coronel Alexsandro Ribeiro, liderou uma grande opera\u00e7\u00e3o na cidade de S\u00e3o Crist\u00f3v\u00e3o, contando com a presen\u00e7a do Comando do Policiamento Militar da Capital, Comando do Policiamento Militar do Interior e Comando do Policiamento Militar Especializado. Segundo o coronel George, do Comando do Policiamento [&hellip;]<\/p>\n","protected":false},"author":6557,"featured_media":0,"comment_status":"closed","ping_status":"closed","sticky":false,"template":"","format":"standard","meta":{"footnotes":""},"categories":[15,7,1],"tags":[37972,40017,2182,5879],"class_list":{"0":"post-139022","1":"post","2":"type-post","3":"status-publish","4":"format-standard","6":"category-destaques","7":"category-policia","8":"category-sem-categoria","9":"tag-coronel-alexsandro-ribeiro","10":"tag-meu-bairro-mais-seguro","11":"tag-pmse","12":"tag-policia-militar-de-sergipe"},"_links":{"self":[{"href":"https:\/\/senoticias.com.br\/se\/wp-json\/wp\/v2\/posts\/139022"}],"collection":[{"href":"https:\/\/senoticias.com.br\/se\/wp-json\/wp\/v2\/posts"}],"about":[{"href":"https:\/\/senoticias.com.br\/se\/wp-json\/wp\/v2\/types\/post"}],"author":[{"embeddable":true,"href":"https:\/\/senoticias.com.br\/se\/wp-json\/wp\/v2\/users\/6557"}],"replies":[{"embeddable":true,"href":"https:\/\/senoticias.com.br\/se\/wp-json\/wp\/v2\/comments?post=139022"}],"version-history":[{"count":0,"href":"https:\/\/senoticias.com.br\/se\/wp-json\/wp\/v2\/posts\/139022\/revisions"}],"wp:attachment":[{"href":"https:\/\/senoticias.com.br\/se\/wp-json\/wp\/v2\/media?parent=139022"}],"wp:term":[{"taxonomy":"category","embeddable":true,"href":"https:\/\/senoticias.com.br\/se\/wp-json\/wp\/v2\/categories?post=139022"},{"taxonomy":"post_tag","embeddable":true,"href":"https:\/\/senoticias.com.br\/se\/wp-json\/wp\/v2\/tags?post=139022"}],"curies":[{"name":"wp","href":"https:\/\/api.w.org\/{rel}","templated":true}]}}