{"id":138965,"date":"2023-09-12T15:35:07","date_gmt":"2023-09-12T18:35:07","guid":{"rendered":"https:\/\/senoticias.com.br\/se\/?p=138965"},"modified":"2023-09-12T15:38:14","modified_gmt":"2023-09-12T18:38:14","slug":"deputado-estadual-paulo-junior-cobra-concurso-para-psicologos","status":"publish","type":"post","link":"https:\/\/senoticias.com.br\/se\/deputado-estadual-paulo-junior-cobra-concurso-para-psicologos\/","title":{"rendered":"Deputado estadual Paulo J\u00fanior cobra concurso para psic\u00f3logos"},"content":{"rendered":"\n<p>Em sess\u00e3o plen\u00e1ria nesta ter\u00e7a-feira, 12, as a\u00e7\u00f5es de sa\u00fade mental foram pauta. O deputado estadual Paulo J\u00fanior (PV) destacou a campanha de preven\u00e7\u00e3o ao suic\u00eddio Setembro Amarelo e cobrou realiza\u00e7\u00e3o de concurso p\u00fablico para psic\u00f3logos.<\/p>\n\n\n\n<p>O parlamentar apresentou dados sobre sa\u00fade mental, como pesquisa da Organiza\u00e7\u00e3o Mundial da Sa\u00fade, de 2019, que registrou mais de 700 mil suic\u00eddios em todo o mundo. No Brasil, os registros se aproximam de 14 mil casos por ano, ou seja, 38 por dia.<\/p>\n\n\n\n<figure class=\"wp-block-image size-large\"><img loading=\"lazy\" decoding=\"async\" width=\"576\" height=\"384\" src=\"https:\/\/senoticias.com.br\/se\/wp-content\/uploads\/2023\/03\/Paulo-Junior-SE-Noticias.jpg\" alt=\"\" class=\"wp-image-136124\" srcset=\"https:\/\/senoticias.com.br\/se\/wp-content\/uploads\/2023\/03\/Paulo-Junior-SE-Noticias.jpg 576w, https:\/\/senoticias.com.br\/se\/wp-content\/uploads\/2023\/03\/Paulo-Junior-SE-Noticias-300x200.jpg 300w, https:\/\/senoticias.com.br\/se\/wp-content\/uploads\/2023\/03\/Paulo-Junior-SE-Noticias-90x60.jpg 90w, https:\/\/senoticias.com.br\/se\/wp-content\/uploads\/2023\/03\/Paulo-Junior-SE-Noticias-180x120.jpg 180w, https:\/\/senoticias.com.br\/se\/wp-content\/uploads\/2023\/03\/Paulo-Junior-SE-Noticias-95x64.jpg 95w\" sizes=\"(max-width: 576px) 100vw, 576px\" \/><figcaption>Paulo J\u00fanior cobra concurso para psic\u00f3logos &#8211; Foto: Jadilson Sim\u00f5es\/Alese<\/figcaption><\/figure>\n\n\n\n<p>\u201cEntre os jovens, os n\u00fameros s\u00e3o ainda mais preocupantes. O Minist\u00e9rio da Sa\u00fade registrou um aumento de 49,3% nas taxas de mortalidade de adolescentes de 15 a 19 anos, chegando a 6,6 por 100 mil, e de 45% entre adolescentes de 10 a 14 anos\u201d, disse.<\/p>\n\n\n\n<p>\u201cOs n\u00fameros s\u00e3o alarmantes. Sa\u00fade mental \u00e9 um tema sens\u00edvel e que deve ser trabalhado de forma interdisciplinar. Muitos munic\u00edpios t\u00eam dificuldade de contratar psiquiatras. A bancada de oposi\u00e7\u00e3o defende que essa pol\u00edtica tem que ser de Estado e n\u00e3o tempor\u00e1ria. Votamos aqui o projeto Acolher, para implanta\u00e7\u00e3o de psic\u00f3logos nas escolas, e defendemos que o governo realize concurso para que esses profissionais sejam incorporados na Secretaria de Educa\u00e7\u00e3o para que o acompanhamento de jovens seja efetivo\u201d, afirmou.<\/p>\n\n\n\n<p><strong>Programa Acolher<\/strong><\/p>\n\n\n\n<p>Aprovado em abril, o Projeto de Lei (PL) 111\/2023 de autoria do Poder Executivo tem como objetivo promover Acolhimento e Aten\u00e7\u00e3o Psicossocial na Rede P\u00fablica Estadual de Sergipe. As a\u00e7\u00f5es devem acontecer dentro das diretrizes para a atua\u00e7\u00e3o dos profissionais das \u00e1reas de Psicologia e de Servi\u00e7o Social.<\/p>\n\n\n\n<p>Entre as propostas sugeridas pelo Programa Acolher est\u00e3o: a promo\u00e7\u00e3o da a\u00e7\u00f5es no \u00e2mbito das demandas psicossociais presentes no cotidiano escolar, como forma de contribuir para o desenvolvimento intelectual, emocional e social dos estudantes; a fomenta\u00e7\u00e3o junto \u00e0 escola, a constru\u00e7\u00e3o de valores e solu\u00e7\u00f5es que colaborem positivamente com o bem-estar; a melhoria do rendimento escolar; bem como o desenvolvimento de iniciativas que promovam a melhoria das condi\u00e7\u00f5es de trabalho dos profissionais de educa\u00e7\u00e3o.<\/p>\n\n\n\n<p>\u201cS\u00e3o 60 psic\u00f3logos e 35 assistentes sociais. Temos em Sergipe uma rede de educa\u00e7\u00e3o com 315 escolas, ser\u00e1 que esse n\u00famero de profissionais \u00e9 suficiente para atender a demanda?\u201d, questiona Paulo J\u00fanior.<\/p>\n\n\n\n<p><strong><em>Acompanhe tamb\u00e9m o SE Not\u00edcias no\u00a0<a rel=\"noreferrer noopener\" href=\"https:\/\/twitter.com\/Senoticias\" target=\"_blank\">Twitter<\/a>,\u00a0<a rel=\"noreferrer noopener\" href=\"https:\/\/www.facebook.com\/senoticias1\" target=\"_blank\">Facebook<\/a>\u00a0e no\u00a0<a rel=\"noreferrer noopener\" href=\"https:\/\/www.instagram.com\/senoticias\/\" target=\"_blank\">Instagram<\/a><\/em><\/strong><br><br>Fonte: ascom\/divulga\u00e7\u00e3o<\/p>\n","protected":false},"excerpt":{"rendered":"<p>Em sess\u00e3o plen\u00e1ria nesta ter\u00e7a-feira, 12, as a\u00e7\u00f5es de sa\u00fade mental foram pauta. O deputado estadual Paulo J\u00fanior (PV) destacou a campanha de preven\u00e7\u00e3o ao suic\u00eddio Setembro Amarelo e cobrou realiza\u00e7\u00e3o de concurso p\u00fablico para psic\u00f3logos. O parlamentar apresentou dados sobre sa\u00fade mental, como pesquisa da Organiza\u00e7\u00e3o Mundial da Sa\u00fade, de 2019, que registrou mais [&hellip;]<\/p>\n","protected":false},"author":6557,"featured_media":0,"comment_status":"closed","ping_status":"closed","sticky":false,"template":"","format":"standard","meta":{"footnotes":""},"categories":[15,6,1],"tags":[2830,39989,39987,39988],"class_list":{"0":"post-138965","1":"post","2":"type-post","3":"status-publish","4":"format-standard","6":"category-destaques","7":"category-politica","8":"category-sem-categoria","9":"tag-alese","10":"tag-atencao-psicossocial","11":"tag-concurso-para-psicologos","12":"tag-deputado-estadual-paulo-junior-2"},"_links":{"self":[{"href":"https:\/\/senoticias.com.br\/se\/wp-json\/wp\/v2\/posts\/138965"}],"collection":[{"href":"https:\/\/senoticias.com.br\/se\/wp-json\/wp\/v2\/posts"}],"about":[{"href":"https:\/\/senoticias.com.br\/se\/wp-json\/wp\/v2\/types\/post"}],"author":[{"embeddable":true,"href":"https:\/\/senoticias.com.br\/se\/wp-json\/wp\/v2\/users\/6557"}],"replies":[{"embeddable":true,"href":"https:\/\/senoticias.com.br\/se\/wp-json\/wp\/v2\/comments?post=138965"}],"version-history":[{"count":0,"href":"https:\/\/senoticias.com.br\/se\/wp-json\/wp\/v2\/posts\/138965\/revisions"}],"wp:attachment":[{"href":"https:\/\/senoticias.com.br\/se\/wp-json\/wp\/v2\/media?parent=138965"}],"wp:term":[{"taxonomy":"category","embeddable":true,"href":"https:\/\/senoticias.com.br\/se\/wp-json\/wp\/v2\/categories?post=138965"},{"taxonomy":"post_tag","embeddable":true,"href":"https:\/\/senoticias.com.br\/se\/wp-json\/wp\/v2\/tags?post=138965"}],"curies":[{"name":"wp","href":"https:\/\/api.w.org\/{rel}","templated":true}]}}