{"id":138958,"date":"2023-09-12T12:24:37","date_gmt":"2023-09-12T15:24:37","guid":{"rendered":"https:\/\/senoticias.com.br\/se\/?p=138958"},"modified":"2023-09-12T12:29:42","modified_gmt":"2023-09-12T15:29:42","slug":"diacono-passa-mal-e-morre-dentro-de-igreja-evangelica-em-aracaju","status":"publish","type":"post","link":"https:\/\/senoticias.com.br\/se\/diacono-passa-mal-e-morre-dentro-de-igreja-evangelica-em-aracaju\/","title":{"rendered":"Di\u00e1cono passa mal e morre dentro de igreja evang\u00e9lica em Aracaju"},"content":{"rendered":"\n<p><\/p>\n\n\n\n<p>Um homem identificado como Jos\u00e9 Raimundo Alves Vieira, de 58 anos, morreu ap\u00f3s passar mal na Igreja do Evangelho Quadrangular situada no Bairro Bugio, em Aracaju, na noite da \u00faltima sexta-feira (8).<\/p>\n\n\n\n\n\n<p>Segundo informa\u00e7\u00f5es, a v\u00edtima era di\u00e1cono da institui\u00e7\u00e3o e sofreu um infarto poucos minutos antes do culto iniciar. Os membros perceberam que ele tendo um ataque card\u00edaco e ligaram para emerg\u00eancia. O Servi\u00e7o de Atendimento M\u00f3vel de Urg\u00eancia (Samu) tentou socorr\u00ea-lo, mas constatou o \u00f3bito.<\/p>\n\n\n\n<p>O corpo foi recolhido pelo Instituto M\u00e9dico Legal, que registrou como &#8220;morte a esclarecer&#8221;.<\/p>\n\n\n\n<p>Por meio de nota, a comunidade religiosa lamentou com pesar a partida do di\u00e1cono. &#8220;Nosso irm\u00e3o combateu o bom combate e foi para os bra\u00e7os de Jesus. Que o consolo do Esp\u00edrito Santo conforte o cora\u00e7\u00e3o da sua esposa diaconisa Lia, de toda sua fam\u00edlia e seus irm\u00e3os em Cristo. Juntos na esperan\u00e7a de nos reencontrarmos na Gl\u00f3ria do Senhor!&#8221;, escreveu.<\/p>\n","protected":false},"excerpt":{"rendered":"<p>Um homem identificado como Jos\u00e9 Raimundo Alves Vieira, de 58 anos, morreu ap\u00f3s passar mal na Igreja do Evangelho Quadrangular situada no Bairro Bugio, em Aracaju, na noite da \u00faltima sexta-feira (8). Segundo informa\u00e7\u00f5es, a v\u00edtima era di\u00e1cono da institui\u00e7\u00e3o e sofreu um infarto poucos minutos antes do culto iniciar. Os membros perceberam que ele [&hellip;]<\/p>\n","protected":false},"author":6557,"featured_media":0,"comment_status":"closed","ping_status":"closed","sticky":false,"template":"","format":"standard","meta":{"footnotes":""},"categories":[1],"tags":[],"class_list":{"0":"post-138958","1":"post","2":"type-post","3":"status-publish","4":"format-standard","6":"category-sem-categoria"},"_links":{"self":[{"href":"https:\/\/senoticias.com.br\/se\/wp-json\/wp\/v2\/posts\/138958"}],"collection":[{"href":"https:\/\/senoticias.com.br\/se\/wp-json\/wp\/v2\/posts"}],"about":[{"href":"https:\/\/senoticias.com.br\/se\/wp-json\/wp\/v2\/types\/post"}],"author":[{"embeddable":true,"href":"https:\/\/senoticias.com.br\/se\/wp-json\/wp\/v2\/users\/6557"}],"replies":[{"embeddable":true,"href":"https:\/\/senoticias.com.br\/se\/wp-json\/wp\/v2\/comments?post=138958"}],"version-history":[{"count":0,"href":"https:\/\/senoticias.com.br\/se\/wp-json\/wp\/v2\/posts\/138958\/revisions"}],"wp:attachment":[{"href":"https:\/\/senoticias.com.br\/se\/wp-json\/wp\/v2\/media?parent=138958"}],"wp:term":[{"taxonomy":"category","embeddable":true,"href":"https:\/\/senoticias.com.br\/se\/wp-json\/wp\/v2\/categories?post=138958"},{"taxonomy":"post_tag","embeddable":true,"href":"https:\/\/senoticias.com.br\/se\/wp-json\/wp\/v2\/tags?post=138958"}],"curies":[{"name":"wp","href":"https:\/\/api.w.org\/{rel}","templated":true}]}}