{"id":138956,"date":"2023-09-12T10:47:42","date_gmt":"2023-09-12T13:47:42","guid":{"rendered":"https:\/\/senoticias.com.br\/se\/?p=138956"},"modified":"2023-09-12T10:47:51","modified_gmt":"2023-09-12T13:47:51","slug":"seguranca-publica-explica-diferenca-entre-falhas-humanas-e-mecanicas-em-veiculos","status":"publish","type":"post","link":"https:\/\/senoticias.com.br\/se\/seguranca-publica-explica-diferenca-entre-falhas-humanas-e-mecanicas-em-veiculos\/","title":{"rendered":"Seguran\u00e7a P\u00fablica explica diferen\u00e7a entre falhas humanas e mec\u00e2nicas em ve\u00edculos"},"content":{"rendered":"\n<p>Em um cen\u00e1rio de acidente de tr\u00e2nsito, h\u00e1 situa\u00e7\u00f5es que podem ter impulsionado o sinistro, a exemplo do excesso de velocidade ou ainda a falta de manuten\u00e7\u00e3o do ve\u00edculo. Essas duas situa\u00e7\u00f5es s\u00e3o fatores potencializadores de mortes no tr\u00e2nsito que possuem origens distintas, mas que s\u00e3o decisivas para o aumento das chances de colis\u00f5es fatais. Por isso, \u00e9 preciso compreender a diferen\u00e7a entre as falhas humana e mec\u00e2nica para entender como evitar mortes no tr\u00e2nsito.<\/p>\n\n\n\n<figure class=\"wp-block-image size-large\"><img loading=\"lazy\" decoding=\"async\" width=\"1024\" height=\"682\" src=\"https:\/\/senoticias.com.br\/se\/wp-content\/uploads\/2023\/09\/cptran-Se-noticias-1024x682.png\" alt=\"\" class=\"wp-image-138957\"\/><figcaption>\nAmbos os tipos de falhas no tr\u00e2nsito podem gerar acidentes fatais com a morte do condutor e de outras pessoas\n<\/figcaption><\/figure>\n\n\n\n<p>As falhas humanas s\u00e3o aquelas que envolvem as a\u00e7\u00f5es cometidas pelos pr\u00f3prios condutores e que podem levar ao acidente de tr\u00e2nsito, conforme revelou o tenente Cleyton Bispo, da Companhia de Pol\u00edcia de Tr\u00e2nsito (CPTran). \u201cNo tr\u00e2nsito, as falhas humanas est\u00e3o ligadas \u00e0s imprud\u00eancias, como por exemplo o desrespeito \u00e0 velocidade, o avan\u00e7o de sinal vermelho e a ingest\u00e3o de bebidas alco\u00f3licas\u201d, especificou.<\/p>\n\n\n\n<p>J\u00e1 as falhas mec\u00e2nicas abrangem as condi\u00e7\u00f5es do ve\u00edculo, assim como revelou o militar integrante da CPTran. \u201cAs falhas mec\u00e2nicas s\u00e3o condi\u00e7\u00f5es adversas a um equipamento e que tamb\u00e9m podem ocorrer nos ve\u00edculos. Em carros, motocicletas, caminh\u00f5es e \u00f4nibus, por exemplo, essas falhas dizem respeito \u00e0 manuten\u00e7\u00e3o do motor, \u00e0 troca de \u00f3leo e at\u00e9 mesmo \u00e0 pane el\u00e9trica\u201d, descreveu o tenente Cleyton Bispo.<\/p>\n\n\n\n<p><strong>Campanha Eu Sou o Tr\u00e2nsito<\/strong><\/p>\n\n\n\n<p>Durante o m\u00eas de setembro, a Secretaria da Seguran\u00e7a P\u00fablica (SSP), Detran\/SE e CPTran da Pol\u00edcia Militar est\u00e3o apresentando a \u2018Campanha Eu Sou o Tr\u00e2nsito\u2019 refor\u00e7ando a import\u00e2ncia dos cuidados de todas as pessoas &#8211; condutores de ve\u00edculos, pedestres e ciclistas &#8211; para um tr\u00e2nsito seguro. A campanha est\u00e1 sendo realizada no m\u00eas de setembro em alus\u00e3o \u00e0 \u2018Semana Nacional do Tr\u00e2nsito\u2019, que acontece entre os dias 18 e 25.<\/p>\n\n\n\n<p>Tamb\u00e9m apoiam a campanha Corpo de Bombeiros Militar do Estado de Sergipe (CBMSE), Servi\u00e7o de Atendimento M\u00f3vel de Urg\u00eancia (SAMU 192 Sergipe), Grupamento T\u00e1tico A\u00e9reo (GTA\/SSP), Delegacia Especial de Delitos de Tr\u00e2nsito (PCSE), Instituto M\u00e9dico Legal (IML\/Pol\u00edcia Cient\u00edfica), Grupamento Especial T\u00e1tico de Motos (Getam), Batalh\u00e3o de Pol\u00edcia Rodovi\u00e1ria Estadual (BPRv\/PMSE), Pol\u00edcia Rodovi\u00e1ria Federal (PRF), Superintend\u00eancias Municipais de Transportes e Tr\u00e2nsito (Capital e interior) e Grupo Energisa.<\/p>\n\n\n\n<p><strong><em>Acompanhe tamb\u00e9m o SE Not\u00edcias no\u00a0<a rel=\"noreferrer noopener\" href=\"https:\/\/twitter.com\/Senoticias\" target=\"_blank\">Twitter<\/a>,\u00a0<a rel=\"noreferrer noopener\" href=\"https:\/\/www.facebook.com\/senoticias1\" target=\"_blank\">Facebook<\/a>\u00a0e no\u00a0<a rel=\"noreferrer noopener\" href=\"https:\/\/www.instagram.com\/senoticias\/\" target=\"_blank\">Instagram<\/a><\/em><\/strong><\/p>\n\n\n\n<p>Fonte: SSP SE<\/p>\n","protected":false},"excerpt":{"rendered":"<p>Em um cen\u00e1rio de acidente de tr\u00e2nsito, h\u00e1 situa\u00e7\u00f5es que podem ter impulsionado o sinistro, a exemplo do excesso de velocidade ou ainda a falta de manuten\u00e7\u00e3o do ve\u00edculo. Essas duas situa\u00e7\u00f5es s\u00e3o fatores potencializadores de mortes no tr\u00e2nsito que possuem origens distintas, mas que s\u00e3o decisivas para o aumento das chances de colis\u00f5es fatais. [&hellip;]<\/p>\n","protected":false},"author":6557,"featured_media":0,"comment_status":"closed","ping_status":"closed","sticky":false,"template":"","format":"standard","meta":{"footnotes":""},"categories":[15,7],"tags":[39982,631,3901],"class_list":{"0":"post-138956","1":"post","2":"type-post","3":"status-publish","4":"format-standard","6":"category-destaques","7":"category-policia","8":"tag-campanha-eu-sou-transito","9":"tag-cptran","10":"tag-ssp"},"_links":{"self":[{"href":"https:\/\/senoticias.com.br\/se\/wp-json\/wp\/v2\/posts\/138956"}],"collection":[{"href":"https:\/\/senoticias.com.br\/se\/wp-json\/wp\/v2\/posts"}],"about":[{"href":"https:\/\/senoticias.com.br\/se\/wp-json\/wp\/v2\/types\/post"}],"author":[{"embeddable":true,"href":"https:\/\/senoticias.com.br\/se\/wp-json\/wp\/v2\/users\/6557"}],"replies":[{"embeddable":true,"href":"https:\/\/senoticias.com.br\/se\/wp-json\/wp\/v2\/comments?post=138956"}],"version-history":[{"count":0,"href":"https:\/\/senoticias.com.br\/se\/wp-json\/wp\/v2\/posts\/138956\/revisions"}],"wp:attachment":[{"href":"https:\/\/senoticias.com.br\/se\/wp-json\/wp\/v2\/media?parent=138956"}],"wp:term":[{"taxonomy":"category","embeddable":true,"href":"https:\/\/senoticias.com.br\/se\/wp-json\/wp\/v2\/categories?post=138956"},{"taxonomy":"post_tag","embeddable":true,"href":"https:\/\/senoticias.com.br\/se\/wp-json\/wp\/v2\/tags?post=138956"}],"curies":[{"name":"wp","href":"https:\/\/api.w.org\/{rel}","templated":true}]}}