{"id":138847,"date":"2023-09-05T14:49:26","date_gmt":"2023-09-05T17:49:26","guid":{"rendered":"https:\/\/senoticias.com.br\/se\/?p=138847"},"modified":"2023-09-05T14:58:53","modified_gmt":"2023-09-05T17:58:53","slug":"corpo-de-bombeiros-combate-incendio-em-caminhao-carregado-de-algodao-na-br-101","status":"publish","type":"post","link":"https:\/\/senoticias.com.br\/se\/corpo-de-bombeiros-combate-incendio-em-caminhao-carregado-de-algodao-na-br-101\/","title":{"rendered":"Corpo de Bombeiros combate inc\u00eandio em caminh\u00e3o carregado de algod\u00e3o na BR-101"},"content":{"rendered":"\n<p>O Corpo de Bombeiros Militar do Estado de Sergipe (CBMSE) combateu um inc\u00eandio em um caminh\u00e3o carregado de algod\u00e3o no munic\u00edpio de Umba\u00faba, na tarde dessa segunda-feira (4). A guarni\u00e7\u00e3o do Quartel de Est\u00e2ncia foi encaminhada para atender a ocorr\u00eancia.<\/p>\n\n\n\n<p>Os trabalhos de combate \u00e0s chamas e rescaldo (procedimento para evitar a reigni\u00e7\u00e3o do fogo) s\u00f3 foram conclu\u00eddos \u00e0 noite, por conta da quantidade de material combust\u00edvel da carga.<\/p>\n\n\n\n<figure class=\"wp-block-image size-large\"><img loading=\"lazy\" decoding=\"async\" width=\"591\" height=\"443\" src=\"https:\/\/senoticias.com.br\/se\/wp-content\/uploads\/2023\/09\/Caminhao-pega-fogo-se-noticias.jpg\" alt=\"\" class=\"wp-image-138848\" srcset=\"https:\/\/senoticias.com.br\/se\/wp-content\/uploads\/2023\/09\/Caminhao-pega-fogo-se-noticias.jpg 591w, https:\/\/senoticias.com.br\/se\/wp-content\/uploads\/2023\/09\/Caminhao-pega-fogo-se-noticias-300x225.jpg 300w, https:\/\/senoticias.com.br\/se\/wp-content\/uploads\/2023\/09\/Caminhao-pega-fogo-se-noticias-45x35.jpg 45w\" sizes=\"(max-width: 591px) 100vw, 591px\" \/><figcaption>O acidente ocorreu na tarde da segunda-feira, 4, em Umba\u00faba &#8211; Foto: ascom\/CBMSE<\/figcaption><\/figure>\n\n\n\n<p>\u201cFomos acionados por volta 14h40 para a ocorr\u00eancia de um caminh\u00e3o que tombou na pista e incendiou. Permanecemos atuando no local at\u00e9 por volta das 22h. Foram utilizadas para o combate duas linhas de mangueira, sendo uma com \u00e1gua e outra com L\u00edquido Gerador de Espuma (LGE). Contamos com o apoio da prefeitura da cidade que disponibilizou uma retroescavadeira para a realiza\u00e7\u00e3o do rescaldo\u201d, afirmou o tenente Jones Elvis.<\/p>\n\n\n\n<p><br><strong><em>Acompanhe tamb\u00e9m o SE Not\u00edcias no\u00a0<a rel=\"noreferrer noopener\" href=\"https:\/\/twitter.com\/Senoticias\" target=\"_blank\">Twitter<\/a>,\u00a0<a rel=\"noreferrer noopener\" href=\"https:\/\/www.facebook.com\/senoticias1\" target=\"_blank\">Facebook<\/a>\u00a0e no\u00a0<a rel=\"noreferrer noopener\" href=\"https:\/\/www.instagram.com\/senoticias\/\" target=\"_blank\">Instagram<\/a><\/em><\/strong><\/p>\n\n\n\n<p>Fonte: Ascom\/CBMSE<\/p>\n","protected":false},"excerpt":{"rendered":"<p>O Corpo de Bombeiros Militar do Estado de Sergipe (CBMSE) combateu um inc\u00eandio em um caminh\u00e3o carregado de algod\u00e3o no munic\u00edpio de Umba\u00faba, na tarde dessa segunda-feira (4). A guarni\u00e7\u00e3o do Quartel de Est\u00e2ncia foi encaminhada para atender a ocorr\u00eancia. Os trabalhos de combate \u00e0s chamas e rescaldo (procedimento para evitar a reigni\u00e7\u00e3o do fogo) [&hellip;]<\/p>\n","protected":false},"author":6557,"featured_media":0,"comment_status":"closed","ping_status":"closed","sticky":false,"template":"","format":"standard","meta":{"footnotes":""},"categories":[15,7,1],"tags":[39911,539,39912],"class_list":{"0":"post-138847","1":"post","2":"type-post","3":"status-publish","4":"format-standard","6":"category-destaques","7":"category-policia","8":"category-sem-categoria","9":"tag-combate-incendio","10":"tag-corpo-de-bombeiros","11":"tag-incendio-em-caminhao"},"_links":{"self":[{"href":"https:\/\/senoticias.com.br\/se\/wp-json\/wp\/v2\/posts\/138847"}],"collection":[{"href":"https:\/\/senoticias.com.br\/se\/wp-json\/wp\/v2\/posts"}],"about":[{"href":"https:\/\/senoticias.com.br\/se\/wp-json\/wp\/v2\/types\/post"}],"author":[{"embeddable":true,"href":"https:\/\/senoticias.com.br\/se\/wp-json\/wp\/v2\/users\/6557"}],"replies":[{"embeddable":true,"href":"https:\/\/senoticias.com.br\/se\/wp-json\/wp\/v2\/comments?post=138847"}],"version-history":[{"count":0,"href":"https:\/\/senoticias.com.br\/se\/wp-json\/wp\/v2\/posts\/138847\/revisions"}],"wp:attachment":[{"href":"https:\/\/senoticias.com.br\/se\/wp-json\/wp\/v2\/media?parent=138847"}],"wp:term":[{"taxonomy":"category","embeddable":true,"href":"https:\/\/senoticias.com.br\/se\/wp-json\/wp\/v2\/categories?post=138847"},{"taxonomy":"post_tag","embeddable":true,"href":"https:\/\/senoticias.com.br\/se\/wp-json\/wp\/v2\/tags?post=138847"}],"curies":[{"name":"wp","href":"https:\/\/api.w.org\/{rel}","templated":true}]}}