{"id":138807,"date":"2023-09-01T12:20:26","date_gmt":"2023-09-01T15:20:26","guid":{"rendered":"https:\/\/senoticias.com.br\/se\/?p=138807"},"modified":"2023-09-01T12:25:37","modified_gmt":"2023-09-01T15:25:37","slug":"policia-civil-cumpre-mandado-de-prisao-contra-investigado-por-atirar-e-matar-socio-de-loja-de-celulares-em-aracaju","status":"publish","type":"post","link":"https:\/\/senoticias.com.br\/se\/policia-civil-cumpre-mandado-de-prisao-contra-investigado-por-atirar-e-matar-socio-de-loja-de-celulares-em-aracaju\/","title":{"rendered":"Pol\u00edcia Civil cumpre mandado de pris\u00e3o contra investigado por atirar e matar s\u00f3cio de loja de celulares em Aracaju"},"content":{"rendered":"\n<p><\/p>\n\n\n\n<p>O Departamento de Homic\u00eddios e Prote\u00e7\u00e3o \u00e0 Pessoa (DHPP) cumpriu o mandado de pris\u00e3o contra o investigado e indiciado pela autoria do homic\u00eddio qualificado que vitimou um homem de 33 anos na Avenida Gasoduto, Conjunto Orlando Dantas, Bairro S\u00e3o Conrado, na Zona Sul de Aracaju. O crime ocorreu na manh\u00e3 do dia 13 de mar\u00e7o. O investigado tem 29 anos e foi preso no conjunto Jo\u00e3o Alves, em Nossa Senhora do Socorro, na posse de um rev\u00f3lver calibre 38, possivelmente utilizado no crime.<\/p>\n\n\n\n<figure class=\"wp-block-image size-large\"><img loading=\"lazy\" decoding=\"async\" width=\"594\" height=\"337\" src=\"https:\/\/senoticias.com.br\/se\/wp-content\/uploads\/2023\/09\/Policia-Civil-SE-Noticias.jpg\" alt=\"\" class=\"wp-image-138808\" srcset=\"https:\/\/senoticias.com.br\/se\/wp-content\/uploads\/2023\/09\/Policia-Civil-SE-Noticias.jpg 594w, https:\/\/senoticias.com.br\/se\/wp-content\/uploads\/2023\/09\/Policia-Civil-SE-Noticias-300x170.jpg 300w\" sizes=\"(max-width: 594px) 100vw, 594px\" \/><figcaption>Apura\u00e7\u00e3o policial indicou para crime de mando, e investiga\u00e7\u00e3o segue em andamento para identificar outros envolvidos no homic\u00eddio &#8211; Foto: SSP\/SE<\/figcaption><\/figure>\n\n\n\n<p>De acordo com o delegado M\u00e1rio Leony, no dia do crime, a v\u00edtima foi surpreendida sem chances de defesa, assim que estacionou sua motocicleta em frente \u00e0 loja de manuten\u00e7\u00e3o de aparelhos celulares da qual era s\u00f3cio. A v\u00edtima mexia no banner da loja quando foi surpreendida pelo executor do crime. A apura\u00e7\u00e3o policial contou com informa\u00e7\u00f5es repassadas pela Divis\u00e3o de Intelig\u00eancia (Dipol).<\/p>\n\n\n\n<p>\u201cAs investiga\u00e7\u00f5es do homic\u00eddio da v\u00edtima indicam que se trata de crime de mando, um crime premeditado, em que o indiciado age friamente. Ap\u00f3s o crime, o autor fugiu em um ve\u00edculo Peugeot, de cor prata, que j\u00e1 se encontrava estacionado nas imedia\u00e7\u00f5es do local do fato, \u00e0 espera da chegada da v\u00edtima em sua motocicleta\u201d, detalhou o delegado.<\/p>\n\n\n\n<p>Tamb\u00e9m conforme a apura\u00e7\u00e3o policial, o carro utilizado no homic\u00eddio estava com placa clonada. \u201cO ve\u00edculo estava com a placa de outro id\u00eantico do Paran\u00e1. O carro utilizado no crime foi roubado no estado da Bahia e abandonado dez dias ap\u00f3s o crime, ap\u00f3s envolver-se em um acidente de tr\u00e2nsito\u201d, acrescentou o delegado do DHPP M\u00e1rio Leony.<\/p>\n\n\n\n<p>Ainda segundo o delegado, o investigado foi preso no Conjunto Jo\u00e3o Alves Filho. \u201cEle estava na posse de um rev\u00f3lver calibre 38, prov\u00e1vel arma de fogo usada para ceifar a vida da v\u00edtima, bem como cinco muni\u00e7\u00f5es intactas do mesmo calibre. Al\u00e9m da autua\u00e7\u00e3o em flagrante pelo porte ilegal da arma o indiciado conta com condena\u00e7\u00f5es por roubo e por homic\u00eddio, evidenciada sua conduta em graves crimes\u201d, acrescentou.<\/p>\n\n\n\n<p>M\u00e1rio Leony informou ainda que o investigado estaria disputando o controle do tr\u00e1fico de drogas na regi\u00e3o de Nossa Senhora do Socorro. \u201cE com o aprofundamento das investiga\u00e7\u00f5es, ficou evidenciado realmente o alto grau de periculosidade do investigado. Ele age friamente e \u00e9 contumaz na pr\u00e1tica de crimes violentos\u201d, complementou.<\/p>\n\n\n\n<p>As investiga\u00e7\u00f5es continuam em andamento com o objetivo de identificar o mandante do crime, al\u00e9m de outros eventuais envolvidos no homic\u00eddio. \u201cPorque n\u00e3o havia v\u00ednculo entre a v\u00edtima e o executor. Temos uma linha de investiga\u00e7\u00e3o a ser aprofundada com rela\u00e7\u00e3o a essa motiva\u00e7\u00e3o\u201d, ressaltou M\u00e1rio Leony.<\/p>\n\n\n\n<p>A Pol\u00edcia Civil solicita que informa\u00e7\u00f5es e den\u00fancias que possam levar \u00e0 identifica\u00e7\u00e3o e \u00e0 localiza\u00e7\u00e3o de outros eventuais envolvidos no crime sejam repassadas \u00e0 pol\u00edcia por meio do Disque-Den\u00fancia, no telefone 181. O sigilo do denunciante \u00e9 garantido.<\/p>\n\n\n\n<p><em><strong>Acompanhe tamb\u00e9m o SE Not\u00edcias no\u00a0<a rel=\"noreferrer noopener\" href=\"https:\/\/twitter.com\/Senoticias\" target=\"_blank\">Twitter<\/a>,\u00a0<a rel=\"noreferrer noopener\" href=\"https:\/\/www.facebook.com\/senoticias1\" target=\"_blank\">Facebook<\/a>\u00a0e no\u00a0<a rel=\"noreferrer noopener\" href=\"https:\/\/www.instagram.com\/senoticias\/\" target=\"_blank\">Instagram<\/a><\/strong><\/em><\/p>\n\n\n\n<p>Fonte: SSP\/SE<\/p>\n","protected":false},"excerpt":{"rendered":"<p>O Departamento de Homic\u00eddios e Prote\u00e7\u00e3o \u00e0 Pessoa (DHPP) cumpriu o mandado de pris\u00e3o contra o investigado e indiciado pela autoria do homic\u00eddio qualificado que vitimou um homem de 33 anos na Avenida Gasoduto, Conjunto Orlando Dantas, Bairro S\u00e3o Conrado, na Zona Sul de Aracaju. O crime ocorreu na manh\u00e3 do dia 13 de mar\u00e7o. [&hellip;]<\/p>\n","protected":false},"author":6557,"featured_media":0,"comment_status":"closed","ping_status":"closed","sticky":false,"template":"","format":"standard","meta":{"footnotes":""},"categories":[15,7,1],"tags":[2621,39884,39883,78],"class_list":{"0":"post-138807","1":"post","2":"type-post","3":"status-publish","4":"format-standard","6":"category-destaques","7":"category-policia","8":"category-sem-categoria","9":"tag-dhpp","10":"tag-loja-de-celulares-em-aracaju","11":"tag-matou-socios","12":"tag-policia-civil"},"_links":{"self":[{"href":"https:\/\/senoticias.com.br\/se\/wp-json\/wp\/v2\/posts\/138807"}],"collection":[{"href":"https:\/\/senoticias.com.br\/se\/wp-json\/wp\/v2\/posts"}],"about":[{"href":"https:\/\/senoticias.com.br\/se\/wp-json\/wp\/v2\/types\/post"}],"author":[{"embeddable":true,"href":"https:\/\/senoticias.com.br\/se\/wp-json\/wp\/v2\/users\/6557"}],"replies":[{"embeddable":true,"href":"https:\/\/senoticias.com.br\/se\/wp-json\/wp\/v2\/comments?post=138807"}],"version-history":[{"count":0,"href":"https:\/\/senoticias.com.br\/se\/wp-json\/wp\/v2\/posts\/138807\/revisions"}],"wp:attachment":[{"href":"https:\/\/senoticias.com.br\/se\/wp-json\/wp\/v2\/media?parent=138807"}],"wp:term":[{"taxonomy":"category","embeddable":true,"href":"https:\/\/senoticias.com.br\/se\/wp-json\/wp\/v2\/categories?post=138807"},{"taxonomy":"post_tag","embeddable":true,"href":"https:\/\/senoticias.com.br\/se\/wp-json\/wp\/v2\/tags?post=138807"}],"curies":[{"name":"wp","href":"https:\/\/api.w.org\/{rel}","templated":true}]}}