{"id":138805,"date":"2023-09-01T08:35:01","date_gmt":"2023-09-01T11:35:01","guid":{"rendered":"https:\/\/senoticias.com.br\/se\/?p=138805"},"modified":"2023-09-01T08:37:11","modified_gmt":"2023-09-01T11:37:11","slug":"equipe-do-sergipe-participa-de-torneio-regional-de-ginastica-ritmica-na-bahia","status":"publish","type":"post","link":"https:\/\/senoticias.com.br\/se\/equipe-do-sergipe-participa-de-torneio-regional-de-ginastica-ritmica-na-bahia\/","title":{"rendered":"Equipe do Sergipe participa de Torneio Regional de Gin\u00e1stica R\u00edtmica na Bahia"},"content":{"rendered":"\n<p><\/p>\n\n\n\n<p>Cerca de 20 atletas do CTE Thalyta Almeida &#8211; Club Sportivo Sergipe de GR disputar\u00e3o o Torneio Regional de Gin\u00e1stica R\u00edtmica na Bahia que contar\u00e1 com a participa\u00e7\u00e3o de oito Estados do Nordeste.<\/p>\n\n\n\n<figure class=\"wp-block-image size-large\"><img loading=\"lazy\" decoding=\"async\" width=\"579\" height=\"366\" src=\"https:\/\/senoticias.com.br\/se\/wp-content\/uploads\/2023\/09\/Equipe-do-Sergipe-SE-Noticias.jpg\" alt=\"\" class=\"wp-image-138806\" srcset=\"https:\/\/senoticias.com.br\/se\/wp-content\/uploads\/2023\/09\/Equipe-do-Sergipe-SE-Noticias.jpg 579w, https:\/\/senoticias.com.br\/se\/wp-content\/uploads\/2023\/09\/Equipe-do-Sergipe-SE-Noticias-300x190.jpg 300w, https:\/\/senoticias.com.br\/se\/wp-content\/uploads\/2023\/09\/Equipe-do-Sergipe-SE-Noticias-120x76.jpg 120w, https:\/\/senoticias.com.br\/se\/wp-content\/uploads\/2023\/09\/Equipe-do-Sergipe-SE-Noticias-265x168.jpg 265w, https:\/\/senoticias.com.br\/se\/wp-content\/uploads\/2023\/09\/Equipe-do-Sergipe-SE-Noticias-284x180.jpg 284w, https:\/\/senoticias.com.br\/se\/wp-content\/uploads\/2023\/09\/Equipe-do-Sergipe-SE-Noticias-274x173.jpg 274w, https:\/\/senoticias.com.br\/se\/wp-content\/uploads\/2023\/09\/Equipe-do-Sergipe-SE-Noticias-220x140.jpg 220w\" sizes=\"(max-width: 579px) 100vw, 579px\" \/><figcaption>O evento \u00e9 promovido pela Federa\u00e7\u00e3o Bahiana de Gin\u00e1stica e acontece de 6 a 10 de setembro na Arena de Esportes da Bahia &#8211; Foto: ascom\/divulga\u00e7\u00e3o<\/figcaption><\/figure>\n\n\n\n<p>O evento \u00e9 promovido pela Federa\u00e7\u00e3o Bahiana de Gin\u00e1stica e acontece de 6 a 10 de setembro na Arena de Esportes da Bahia, em Lauro de Freitas. A atividade, promovida pela entidade baiana, conta com apoio da Confedera\u00e7\u00e3o Brasileira de Gin\u00e1stica (CBG) e do Governo Estadual atrav\u00e9s da Secretaria do Trabalho, Emprego, Renda e Esporte (Setre) e da Superintend\u00eancia dos Desportos do Estado da Bahia (Sudesb).<\/p>\n\n\n\n<p>O Torneio Regional \u00e9 seletiva para o Torneio Nacional de Gin\u00e1stica R\u00edtmica que acontece em S\u00e3o Bernardo do Campo, no per\u00edodo de 18 a 22 de outubro.<\/p>\n\n\n\n<p>Para a t\u00e9cnica do Sergipe Thalyta Almeida o Torneio Regional \u00e9 uma forma de ampliar o conhecimento e experi\u00eancia das atletas. Ela tamb\u00e9m destacou o apoio recebido do Governo do Estado por meio da Secretaria De Esporte e Lazer. &#8220;O desafio \u00e9 grande, a gente sabe e quando voc\u00ea recebe o apoio como elas t\u00e3o recebendo da Secret\u00e1ria Mariana Dantas isso d\u00e1 um \u00e2nimo a mais. Sem falar que essa \u00e9 mais uma oportunidade que nossas atletas ter\u00e3o para trocar experi\u00eancias e, quem sabe, trazer medalhas, garantindo vagas para o Nacional&#8221;, concluiu.<br><br><em><strong>Acompanhe tamb\u00e9m o SE Not\u00edcias no\u00a0<a rel=\"noreferrer noopener\" href=\"https:\/\/twitter.com\/Senoticias\" target=\"_blank\">Twitter<\/a>,\u00a0<a rel=\"noreferrer noopener\" href=\"https:\/\/www.facebook.com\/senoticias1\" target=\"_blank\">Facebook<\/a>\u00a0e no\u00a0<a rel=\"noreferrer noopener\" href=\"https:\/\/www.instagram.com\/senoticias\/\" target=\"_blank\">Instagram<\/a><\/strong><\/em><br><br>Fonte: assessoria de imprensa<\/p>\n","protected":false},"excerpt":{"rendered":"<p>Cerca de 20 atletas do CTE Thalyta Almeida &#8211; Club Sportivo Sergipe de GR disputar\u00e3o o Torneio Regional de Gin\u00e1stica R\u00edtmica na Bahia que contar\u00e1 com a participa\u00e7\u00e3o de oito Estados do Nordeste. O evento \u00e9 promovido pela Federa\u00e7\u00e3o Bahiana de Gin\u00e1stica e acontece de 6 a 10 de setembro na Arena de Esportes da [&hellip;]<\/p>\n","protected":false},"author":6557,"featured_media":0,"comment_status":"closed","ping_status":"closed","sticky":false,"template":"","format":"standard","meta":{"footnotes":""},"categories":[15,26,1],"tags":[39880,39882,13190,39881],"class_list":{"0":"post-138805","1":"post","2":"type-post","3":"status-publish","4":"format-standard","6":"category-destaques","7":"category-esportes","8":"category-sem-categoria","9":"tag-equipe-do-sergipe","10":"tag-federacao-bahiana-de-ginastica","11":"tag-ginastica-ritmica","12":"tag-torneio-regional"},"_links":{"self":[{"href":"https:\/\/senoticias.com.br\/se\/wp-json\/wp\/v2\/posts\/138805"}],"collection":[{"href":"https:\/\/senoticias.com.br\/se\/wp-json\/wp\/v2\/posts"}],"about":[{"href":"https:\/\/senoticias.com.br\/se\/wp-json\/wp\/v2\/types\/post"}],"author":[{"embeddable":true,"href":"https:\/\/senoticias.com.br\/se\/wp-json\/wp\/v2\/users\/6557"}],"replies":[{"embeddable":true,"href":"https:\/\/senoticias.com.br\/se\/wp-json\/wp\/v2\/comments?post=138805"}],"version-history":[{"count":0,"href":"https:\/\/senoticias.com.br\/se\/wp-json\/wp\/v2\/posts\/138805\/revisions"}],"wp:attachment":[{"href":"https:\/\/senoticias.com.br\/se\/wp-json\/wp\/v2\/media?parent=138805"}],"wp:term":[{"taxonomy":"category","embeddable":true,"href":"https:\/\/senoticias.com.br\/se\/wp-json\/wp\/v2\/categories?post=138805"},{"taxonomy":"post_tag","embeddable":true,"href":"https:\/\/senoticias.com.br\/se\/wp-json\/wp\/v2\/tags?post=138805"}],"curies":[{"name":"wp","href":"https:\/\/api.w.org\/{rel}","templated":true}]}}