{"id":138804,"date":"2023-09-01T08:23:23","date_gmt":"2023-09-01T11:23:23","guid":{"rendered":"https:\/\/senoticias.com.br\/se\/?p=138804"},"modified":"2023-09-01T08:26:09","modified_gmt":"2023-09-01T11:26:09","slug":"policia-federal-investiga-autor-de-audio-fake-utilizado-em-campanha-eleitoral-para-governo-de-sergipe","status":"publish","type":"post","link":"https:\/\/senoticias.com.br\/se\/policia-federal-investiga-autor-de-audio-fake-utilizado-em-campanha-eleitoral-para-governo-de-sergipe\/","title":{"rendered":"Pol\u00edcia Federal investiga autor de \u00e1udio fake utilizado em campanha eleitoral para governo de Sergipe"},"content":{"rendered":"\n<p><\/p>\n\n\n\n<p>Um homem investigado por utilizar software de edi\u00e7\u00e3o para manipular um \u00e1udio utilizado amplamente na campanha eleitoral de r\u00e1dio e TV contra um dos candidatos para o governo do estado das Elei\u00e7\u00f5es 2022 foi alvo de busca e apreens\u00e3o na manh\u00e3 desta sexta-feira (1\u00ba) pela Pol\u00edcia Federal em Aracaju. Um celular e um computador do suspeito foram apreendidos.<\/p>\n\n\n\n<figure class=\"wp-block-image size-large\"><img loading=\"lazy\" decoding=\"async\" width=\"553\" height=\"309\" src=\"https:\/\/senoticias.com.br\/se\/wp-content\/uploads\/2021\/03\/Policia-Federal-SE-Noticias.jpeg\" alt=\"\" class=\"wp-image-126928\" srcset=\"https:\/\/senoticias.com.br\/se\/wp-content\/uploads\/2021\/03\/Policia-Federal-SE-Noticias.jpeg 553w, https:\/\/senoticias.com.br\/se\/wp-content\/uploads\/2021\/03\/Policia-Federal-SE-Noticias-300x168.jpeg 300w\" sizes=\"(max-width: 553px) 100vw, 553px\" \/><figcaption>A busca e apreens\u00e3o faz parte da Opera\u00e7\u00e3o Dubl\u00ea, que foi autorizada pela Justi\u00e7a Eleitoral &#8211; Foto: arquivo\/PF<\/figcaption><\/figure>\n\n\n\n<p>Segundo o \u00f3rg\u00e3o, o objetivo \u00e9 investigar a divulga\u00e7\u00e3o de fake news na campanha eleitoral.<\/p>\n\n\n\n<p>A busca e apreens\u00e3o faz parte da Opera\u00e7\u00e3o Dubl\u00ea, que foi autorizada pela Justi\u00e7a Eleitoral e tem como objetivo apreender arquivos digitais que possam contribuir com a investiga\u00e7\u00e3o.<\/p>\n\n\n\n<p><em><strong>Acompanhe tamb\u00e9m o SE Not\u00edcias no\u00a0<a rel=\"noreferrer noopener\" href=\"https:\/\/twitter.com\/Senoticias\" target=\"_blank\">Twitter<\/a>,\u00a0<a rel=\"noreferrer noopener\" href=\"https:\/\/www.facebook.com\/senoticias1\" target=\"_blank\">Facebook<\/a>\u00a0e no\u00a0<a rel=\"noreferrer noopener\" href=\"https:\/\/www.instagram.com\/senoticias\/\" target=\"_blank\">Instagram<\/a><\/strong><\/em><\/p>\n\n\n\n<p>Fonte: <strong><a href=\"https:\/\/g1.globo.com\/se\/sergipe\/noticia\/2023\/09\/01\/pf-investiga-autor-de-audio-fake-utilizado-em-campanha-eleitoral-para-governo-de-sergipe.ghtml\">G1<\/a><\/strong> SE<\/p>\n","protected":false},"excerpt":{"rendered":"<p>Um homem investigado por utilizar software de edi\u00e7\u00e3o para manipular um \u00e1udio utilizado amplamente na campanha eleitoral de r\u00e1dio e TV contra um dos candidatos para o governo do estado das Elei\u00e7\u00f5es 2022 foi alvo de busca e apreens\u00e3o na manh\u00e3 desta sexta-feira (1\u00ba) pela Pol\u00edcia Federal em Aracaju. Um celular e um computador do [&hellip;]<\/p>\n","protected":false},"author":6557,"featured_media":0,"comment_status":"closed","ping_status":"closed","sticky":false,"template":"","format":"standard","meta":{"footnotes":""},"categories":[15,7,1],"tags":[39877,39878,39879,1947],"class_list":{"0":"post-138804","1":"post","2":"type-post","3":"status-publish","4":"format-standard","6":"category-destaques","7":"category-policia","8":"category-sem-categoria","9":"tag-audio-fake","10":"tag-campanha-eleitoral-2022","11":"tag-operacao-duble","12":"tag-policia-federal"},"_links":{"self":[{"href":"https:\/\/senoticias.com.br\/se\/wp-json\/wp\/v2\/posts\/138804"}],"collection":[{"href":"https:\/\/senoticias.com.br\/se\/wp-json\/wp\/v2\/posts"}],"about":[{"href":"https:\/\/senoticias.com.br\/se\/wp-json\/wp\/v2\/types\/post"}],"author":[{"embeddable":true,"href":"https:\/\/senoticias.com.br\/se\/wp-json\/wp\/v2\/users\/6557"}],"replies":[{"embeddable":true,"href":"https:\/\/senoticias.com.br\/se\/wp-json\/wp\/v2\/comments?post=138804"}],"version-history":[{"count":0,"href":"https:\/\/senoticias.com.br\/se\/wp-json\/wp\/v2\/posts\/138804\/revisions"}],"wp:attachment":[{"href":"https:\/\/senoticias.com.br\/se\/wp-json\/wp\/v2\/media?parent=138804"}],"wp:term":[{"taxonomy":"category","embeddable":true,"href":"https:\/\/senoticias.com.br\/se\/wp-json\/wp\/v2\/categories?post=138804"},{"taxonomy":"post_tag","embeddable":true,"href":"https:\/\/senoticias.com.br\/se\/wp-json\/wp\/v2\/tags?post=138804"}],"curies":[{"name":"wp","href":"https:\/\/api.w.org\/{rel}","templated":true}]}}