{"id":138735,"date":"2023-08-27T21:11:02","date_gmt":"2023-08-28T00:11:02","guid":{"rendered":"https:\/\/senoticias.com.br\/se\/?p=138735"},"modified":"2023-08-27T21:11:08","modified_gmt":"2023-08-28T00:11:08","slug":"faustao-passa-por-transplante-cardiaco-procedimento-foi-realizado-com-sucesso-diz-hospital","status":"publish","type":"post","link":"https:\/\/senoticias.com.br\/se\/faustao-passa-por-transplante-cardiaco-procedimento-foi-realizado-com-sucesso-diz-hospital\/","title":{"rendered":"Faust\u00e3o passa por transplante card\u00edaco; procedimento foi realizado &#8216;com sucesso&#8217;, diz hospital"},"content":{"rendered":"\n<p><\/p>\n\n\n\n<p>O apresentador Fausto Silva passou por um transplante card\u00edaco neste domingo (27), segundo boletim m\u00e9dico divulgado pelo Hospital Albert Einstein, onde ele est\u00e1 internado desde 5 de agosto em S\u00e3o Paulo.<\/p>\n\n\n\n<p>De acordo com o hospital, a cirurgia aconteceu no in\u00edcio da tarde e durou cerca de 2h30.<\/p>\n\n\n\n<figure class=\"wp-block-image size-large is-resized\"><img loading=\"lazy\" decoding=\"async\" src=\"https:\/\/senoticias.com.br\/se\/wp-content\/uploads\/2023\/08\/Faustao-SE-Noticias.jpg\" alt=\"\" class=\"wp-image-138736\" width=\"562\" height=\"352\" srcset=\"https:\/\/senoticias.com.br\/se\/wp-content\/uploads\/2023\/08\/Faustao-SE-Noticias.jpg 562w, https:\/\/senoticias.com.br\/se\/wp-content\/uploads\/2023\/08\/Faustao-SE-Noticias-300x188.jpg 300w, https:\/\/senoticias.com.br\/se\/wp-content\/uploads\/2023\/08\/Faustao-SE-Noticias-120x76.jpg 120w, https:\/\/senoticias.com.br\/se\/wp-content\/uploads\/2023\/08\/Faustao-SE-Noticias-274x173.jpg 274w, https:\/\/senoticias.com.br\/se\/wp-content\/uploads\/2023\/08\/Faustao-SE-Noticias-308x192.jpg 308w\" sizes=\"(max-width: 562px) 100vw, 562px\" \/><figcaption>Faust\u00e3o est\u00e1 internado na UTI ap\u00f3s passar por transplante card\u00edaco; procedimento durou 2h30 &#8211; Foto: reprodu\u00e7\u00e3o Instagram<\/figcaption><\/figure>\n\n\n\n<p>&#8220;O procedimento foi realizado com sucesso e Fausto Silva permanece na UTI, pois as pr\u00f3ximas horas s\u00e3o importantes para acompanhamento da adapta\u00e7\u00e3o do \u00f3rg\u00e3o e controle de rejei\u00e7\u00e3o&#8221;, diz o boletim.<br><br>Em entrevista \u00e0 GloboNews, o presidente Associa\u00e7\u00e3o Transplante de \u00d3rg\u00e3os, Gustavo Ferreira, explicou como funciona o procedimento ap\u00f3s um doador ser encontrado.<\/p>\n\n\n\n<p>&#8220;Em toda doa\u00e7\u00e3o no Brasil, independentemente do \u00f3rg\u00e3o, \u00e9 sempre feita a capta\u00e7\u00e3o no local do diagn\u00f3stico da morte encef\u00e1lica daquele paciente [doador]. Toda a equipe de transplante \u00e9 deslocada at\u00e9 o local onde foram feitos o diagn\u00f3stico e a autoriza\u00e7\u00e3o pela fam\u00edlia&#8221;, diz o m\u00e9dico.<br>&#8220;Ali, \u00e9 feita a cirurgia de capta\u00e7\u00e3o dos \u00f3rg\u00e3os. E, consequentemente, esses \u00f3rg\u00e3os s\u00e3o transferidos at\u00e9 o local onde est\u00e3o os receptores.&#8221;<\/p>\n\n\n\n<p>Ele completa: &#8220;O cora\u00e7\u00e3o tem um tempo mais curto, entre 4 e 6 horas de tempo de isquemia fria &#8211; o tempo entre a retirada do \u00f3rg\u00e3o e o implante no receptor, [com] o \u00f3rg\u00e3o realmente funcionando&#8221;.<\/p>\n\n\n\n<p>Neste domingo, o Minist\u00e9rio da Sa\u00fade informou que na \u00faltima semana, entre 19 e 26 de agosto, foram realizados 11 transplantes de cora\u00e7\u00e3o no pa\u00eds, sete deles no estado de S\u00e3o Paulo. Ainda segundo a pasta, Faust\u00e3o foi priorizado na fila de espera em raz\u00e3o de seu estado de sa\u00fade.<\/p>\n\n\n\n<p>\u201cNeste domingo (27), mais um paciente na capital paulista foi contemplado com um transplante card\u00edaco, neste caso, tamb\u00e9m priorizado na fila de espera em raz\u00e3o de seu estado muito grave de sa\u00fade &#8211; o apresentador Fausto Silva. Ele recebeu um cora\u00e7\u00e3o ap\u00f3s constatada a compatibilidade necess\u00e1ria para o procedimento, assim como os outros sete transplantados&#8221;.<\/p>\n\n\n\n<p>At\u00e9 a \u00faltima atualiza\u00e7\u00e3o desta reportagem, n\u00e3o havia sido divulgada qualquer informa\u00e7\u00e3o a respeito do tempo que Faust\u00e3o passou na fila de transplante.<\/p>\n\n\n\n<p><em><strong>Acompanhe tamb\u00e9m o SE Not\u00edcias no\u00a0<a rel=\"noreferrer noopener\" href=\"https:\/\/twitter.com\/Senoticias\" target=\"_blank\">Twitter<\/a>,\u00a0<a rel=\"noreferrer noopener\" href=\"https:\/\/www.facebook.com\/senoticias1\" target=\"_blank\">Facebook<\/a>\u00a0e no\u00a0<a rel=\"noreferrer noopener\" href=\"https:\/\/www.instagram.com\/senoticias\/\" target=\"_blank\">Instagram<\/a><\/strong><\/em><\/p>\n\n\n\n<p>Fonte: G1<\/p>\n","protected":false},"excerpt":{"rendered":"<p>O apresentador Fausto Silva passou por um transplante card\u00edaco neste domingo (27), segundo boletim m\u00e9dico divulgado pelo Hospital Albert Einstein, onde ele est\u00e1 internado desde 5 de agosto em S\u00e3o Paulo. De acordo com o hospital, a cirurgia aconteceu no in\u00edcio da tarde e durou cerca de 2h30. &#8220;O procedimento foi realizado com sucesso e [&hellip;]<\/p>\n","protected":false},"author":6557,"featured_media":0,"comment_status":"closed","ping_status":"closed","sticky":false,"template":"","format":"standard","meta":{"footnotes":""},"categories":[15,8],"tags":[39833,39835,39832,544,3776,39834],"class_list":{"0":"post-138735","1":"post","2":"type-post","3":"status-publish","4":"format-standard","6":"category-destaques","7":"category-esporte-e-cultura","8":"tag-faustao","9":"tag-faustao-esta-internado-na-uti","10":"tag-fausto-silva","11":"tag-ministerio-da-saude","12":"tag-sus","13":"tag-transplante-cardiaco"},"_links":{"self":[{"href":"https:\/\/senoticias.com.br\/se\/wp-json\/wp\/v2\/posts\/138735"}],"collection":[{"href":"https:\/\/senoticias.com.br\/se\/wp-json\/wp\/v2\/posts"}],"about":[{"href":"https:\/\/senoticias.com.br\/se\/wp-json\/wp\/v2\/types\/post"}],"author":[{"embeddable":true,"href":"https:\/\/senoticias.com.br\/se\/wp-json\/wp\/v2\/users\/6557"}],"replies":[{"embeddable":true,"href":"https:\/\/senoticias.com.br\/se\/wp-json\/wp\/v2\/comments?post=138735"}],"version-history":[{"count":0,"href":"https:\/\/senoticias.com.br\/se\/wp-json\/wp\/v2\/posts\/138735\/revisions"}],"wp:attachment":[{"href":"https:\/\/senoticias.com.br\/se\/wp-json\/wp\/v2\/media?parent=138735"}],"wp:term":[{"taxonomy":"category","embeddable":true,"href":"https:\/\/senoticias.com.br\/se\/wp-json\/wp\/v2\/categories?post=138735"},{"taxonomy":"post_tag","embeddable":true,"href":"https:\/\/senoticias.com.br\/se\/wp-json\/wp\/v2\/tags?post=138735"}],"curies":[{"name":"wp","href":"https:\/\/api.w.org\/{rel}","templated":true}]}}