{"id":138696,"date":"2023-08-24T12:07:12","date_gmt":"2023-08-24T15:07:12","guid":{"rendered":"https:\/\/senoticias.com.br\/se\/?p=138696"},"modified":"2023-08-24T12:07:24","modified_gmt":"2023-08-24T15:07:24","slug":"festival-de-artes-de-sao-cristovao-se-torna-bem-de-interesse-cultural","status":"publish","type":"post","link":"https:\/\/senoticias.com.br\/se\/festival-de-artes-de-sao-cristovao-se-torna-bem-de-interesse-cultural\/","title":{"rendered":"Festival de Artes de S\u00e3o Crist\u00f3v\u00e3o se torna bem de interesse cultural"},"content":{"rendered":"\n<p>Festival de Artes de S\u00e3o Crist\u00f3v\u00e3o (Fasc) passa a ser bem de interesse cultural. O projeto de Lei de autoria do deputado estadual Paulo J\u00fanior (PV) foi aprovado nesta quarta-feira, 23, refor\u00e7ando a import\u00e2ncia hist\u00f3rica e cultural de S\u00e3o Crist\u00f3v\u00e3o, a quarta cidade mais antiga do Pa\u00eds.<\/p>\n\n\n\n<figure class=\"wp-block-image size-large\"><img loading=\"lazy\" decoding=\"async\" width=\"1024\" height=\"682\" src=\"https:\/\/senoticias.com.br\/se\/wp-content\/uploads\/2023\/08\/WhatsApp-Image-2023-08-24-at-07.29.35-1024x682.jpeg\" alt=\"\" class=\"wp-image-138698\"\/><figcaption>O evento foi descontinuado em 2005 e retornou em 2017 resgatando a proposta dos antigos festivais e reacendendo a programa\u00e7\u00e3o cultural da Cidade Hist\u00f3rica.<\/figcaption><\/figure>\n\n\n\n<p>O Festival re\u00fane diversas manifesta\u00e7\u00f5es culturais (m\u00fasica, teatro, literatura) sendo um espa\u00e7o de produ\u00e7\u00e3o e divulga\u00e7\u00e3o cultural, atraindo turistas e movimentando a economia local. Este ano, a 51\u00ba edi\u00e7\u00e3o est\u00e1 prevista para dezembro. De acordo com a Prefeitura do munic\u00edpio, as atra\u00e7\u00f5es ainda n\u00e3o est\u00e3o definidas, mas o p\u00fablico pode esperar uma programa\u00e7\u00e3o plural, voltada para atrair pessoas de todas as idades, interessadas em conhecer a amplitude do universo art\u00edstico.<\/p>\n\n\n\n<p>\u201cO Festival de Artes \u00e9 um patrim\u00f4nio de S\u00e3o Crist\u00f3v\u00e3o e de Sergipe. Um espa\u00e7o diverso e de resist\u00eancia cultural, pol\u00edtica, social. S\u00e3o 50 edi\u00e7\u00f5es reunindo artistas sergipanos e nacionais e sendo palco de novos talentos. O dinamismo do Fasc ultrapassa o territ\u00f3rio de nossa cidade para se firmar, de forma justa, como bem de interesse cultural do estado. \u00c9 na cidade m\u00e3e que nossa identidade \u00e9 exaltada e ressignificada, todos os anos, no Festival de Artes de S\u00e3o Crist\u00f3v\u00e3o. Agrade\u00e7o aos colegas pela aprova\u00e7\u00e3o do projeto\u201d, disse Paulo J\u00fanior.<br>Fasc<br>O Fasc foi iniciado nos anos 1970, e serviu de palco para grandes artistas sergipanos e nacionais para que pudessem expressar suas produ\u00e7\u00f5es art\u00edsticas nas mais diversas modalidades. O evento foi descontinuado em 2005 e retornou em 2017 resgatando a proposta dos antigos festivais e reacendendo a programa\u00e7\u00e3o cultural da Cidade Hist\u00f3rica.<\/p>\n\n\n\n<p><em><strong>Acompanhe tamb\u00e9m o SE Not\u00edcias no\u00a0<a rel=\"noreferrer noopener\" href=\"https:\/\/twitter.com\/Senoticias\" target=\"_blank\">Twitter<\/a>,\u00a0<a rel=\"noreferrer noopener\" href=\"https:\/\/www.facebook.com\/senoticias1\" target=\"_blank\">Facebook<\/a>\u00a0e no\u00a0<a rel=\"noreferrer noopener\" href=\"https:\/\/www.instagram.com\/senoticias\/\" target=\"_blank\">Instagram<\/a><\/strong><\/em><\/p>\n","protected":false},"excerpt":{"rendered":"<p>Festival de Artes de S\u00e3o Crist\u00f3v\u00e3o (Fasc) passa a ser bem de interesse cultural. O projeto de Lei de autoria do deputado estadual Paulo J\u00fanior (PV) foi aprovado nesta quarta-feira, 23, refor\u00e7ando a import\u00e2ncia hist\u00f3rica e cultural de S\u00e3o Crist\u00f3v\u00e3o, a quarta cidade mais antiga do Pa\u00eds. O Festival re\u00fane diversas manifesta\u00e7\u00f5es culturais (m\u00fasica, teatro, [&hellip;]<\/p>\n","protected":false},"author":6557,"featured_media":0,"comment_status":"closed","ping_status":"closed","sticky":false,"template":"","format":"standard","meta":{"footnotes":""},"categories":[15,21],"tags":[6904,39812],"class_list":{"0":"post-138696","1":"post","2":"type-post","3":"status-publish","4":"format-standard","6":"category-destaques","7":"category-entretenimento","8":"tag-fasc","9":"tag-interesse-cultural"},"_links":{"self":[{"href":"https:\/\/senoticias.com.br\/se\/wp-json\/wp\/v2\/posts\/138696"}],"collection":[{"href":"https:\/\/senoticias.com.br\/se\/wp-json\/wp\/v2\/posts"}],"about":[{"href":"https:\/\/senoticias.com.br\/se\/wp-json\/wp\/v2\/types\/post"}],"author":[{"embeddable":true,"href":"https:\/\/senoticias.com.br\/se\/wp-json\/wp\/v2\/users\/6557"}],"replies":[{"embeddable":true,"href":"https:\/\/senoticias.com.br\/se\/wp-json\/wp\/v2\/comments?post=138696"}],"version-history":[{"count":0,"href":"https:\/\/senoticias.com.br\/se\/wp-json\/wp\/v2\/posts\/138696\/revisions"}],"wp:attachment":[{"href":"https:\/\/senoticias.com.br\/se\/wp-json\/wp\/v2\/media?parent=138696"}],"wp:term":[{"taxonomy":"category","embeddable":true,"href":"https:\/\/senoticias.com.br\/se\/wp-json\/wp\/v2\/categories?post=138696"},{"taxonomy":"post_tag","embeddable":true,"href":"https:\/\/senoticias.com.br\/se\/wp-json\/wp\/v2\/tags?post=138696"}],"curies":[{"name":"wp","href":"https:\/\/api.w.org\/{rel}","templated":true}]}}