{"id":138652,"date":"2023-07-25T07:16:48","date_gmt":"2023-07-25T10:16:48","guid":{"rendered":"https:\/\/senoticias.com.br\/se\/?p=138652"},"modified":"2023-08-22T11:18:41","modified_gmt":"2023-08-22T14:18:41","slug":"presidencia-diretoria-comercial-e-operacional-da-deso-iniciam-planejamento-para-mapear-localidades-que-precisam-combater-furtos-de-agua","status":"publish","type":"post","link":"https:\/\/senoticias.com.br\/se\/presidencia-diretoria-comercial-e-operacional-da-deso-iniciam-planejamento-para-mapear-localidades-que-precisam-combater-furtos-de-agua\/","title":{"rendered":"Presid\u00eancia, Diretoria Comercial e Operacional da Deso iniciam planejamento para mapear localidades que precisam combater furtos de \u00e1gua"},"content":{"rendered":"\n<p><strong><em>Publieditorial &nbsp;<\/em><\/strong><\/p>\n\n\n\n<p>Desvios de \u00e1gua s\u00e3o perdas gigantescas e essas perdas consequentemente deixam o sistema vulner\u00e1vel, fazendo com que a popula\u00e7\u00e3o n\u00e3o seja atendida de forma adequada. \u00c9 essa a preocupa\u00e7\u00e3o da Companhia de Saneamento de Sergipe (Deso) e todo o seu corpo t\u00e9cnico, que j\u00e1 est\u00e1 em planejamento avan\u00e7ado para coibir esses furtos de \u00e1guas em v\u00e1rias regi\u00f5es do Estado. A presid\u00eancia, juntamente com a Diretoria de Manuten\u00e7\u00e3o e Opera\u00e7\u00e3o, a Assessoria T\u00e9cnica Comercial Financeira e gerentes de v\u00e1rias unidades, estive reunida na manh\u00e3 da quinta-feira, 13, para tra\u00e7ar de forma precisa, o planejamento das localidades que precisam combater essas a\u00e7\u00f5es.<\/p>\n\n\n\n<figure class=\"wp-block-image size-large\"><img loading=\"lazy\" decoding=\"async\" width=\"567\" height=\"454\" src=\"https:\/\/senoticias.com.br\/se\/wp-content\/uploads\/2023\/08\/Deso-Furtos-SE-noticias.jpg\" alt=\"\" class=\"wp-image-138653\" srcset=\"https:\/\/senoticias.com.br\/se\/wp-content\/uploads\/2023\/08\/Deso-Furtos-SE-noticias.jpg 567w, https:\/\/senoticias.com.br\/se\/wp-content\/uploads\/2023\/08\/Deso-Furtos-SE-noticias-300x240.jpg 300w, https:\/\/senoticias.com.br\/se\/wp-content\/uploads\/2023\/08\/Deso-Furtos-SE-noticias-45x35.jpg 45w\" sizes=\"(max-width: 567px) 100vw, 567px\" \/><figcaption>Deso tra\u00e7a planejamento para mapear localidades que precisam combater furtos de \u00e1gua &#8211; Foto: ascom<\/figcaption><\/figure>\n\n\n\n<p>As opera\u00e7\u00f5es ter\u00e3o in\u00edcio nos pr\u00f3ximos dias, com base no acordo de coopera\u00e7\u00e3o t\u00e9cnica, firmado no \u00faltimo dia 06, no munic\u00edpio de Frei Paulo, durante o evento \u201cSergipe \u00e9 Aqui\u201d, com a Secretaria de Seguran\u00e7a P\u00fablica (SSP), juntamente com o Governo do Estado, para prevenir e reprimir crimes que envolvem furtos de \u00e1gua e equipamentos, nas Esta\u00e7\u00f5es de Tratamento, em Sergipe.<\/p>\n\n\n\n<p>Para a presid\u00eancia da Deso, a reuni\u00e3o foi para iniciar os trabalhos e entender em quais regi\u00f5es come\u00e7ar\u00e3o as a\u00e7\u00f5es e assim, coibir os furtos de \u00e1gua, que tanto prejudicam o consumidor final, desabastecendo v\u00e1rias cidades.<\/p>\n\n\n\n<p>Est\u00e1 sendo realizado um mapeamento para iniciar junto com \u00e0 SSP e, assim, facilitar o trabalho, que ser\u00e1 direcionado para as regi\u00f5es mais problem\u00e1ticas. \u00c9 uma parceria que abrange a Pol\u00edcia Civil e Militar, e independente desse acordo, a SSP sempre foi participativa e realizou a\u00e7\u00f5es em favor da Deso.<\/p>\n\n\n\n<p>A Diretoria de Manuten\u00e7\u00e3o e Opera\u00e7\u00e3o ir\u00e1 alinhar com a SSP a operacionaliza\u00e7\u00e3o do acordo firmado e o resultado esperado \u00e9 uma melhoria direta no abastecimento de \u00e1gua. O objetivo \u00e9 atender os anseios de quem tanto precisa, pelo interior do Estado. Experi\u00eancias como essa j\u00e1 foram vivenciadas no passado, que foram bem-sucedidas, ent\u00e3o a expectativa \u00e9 de melhorar, cada vez mais. A ideia \u00e9 poder atuar em v\u00e1rios pontos, ao mesmo tempo, e isso vai acontecer em qualquer lugar de Sergipe.<br><br><em><strong>Acompanhe tamb\u00e9m o SE Not\u00edcias no\u00a0<a rel=\"noreferrer noopener\" href=\"https:\/\/twitter.com\/Senoticias\" target=\"_blank\">Twitter<\/a>,\u00a0<a rel=\"noreferrer noopener\" href=\"https:\/\/www.facebook.com\/senoticias1\" target=\"_blank\">Facebook<\/a>\u00a0e no\u00a0<a rel=\"noreferrer noopener\" href=\"https:\/\/www.instagram.com\/senoticias\/\" target=\"_blank\">Instagram<\/a><\/strong><\/em><\/p>\n\n\n\n<p><strong><em>Da Assessoria de Comunica\u00e7\u00e3o<\/em><\/strong><\/p>\n","protected":false},"excerpt":{"rendered":"<p>Publieditorial &nbsp; Desvios de \u00e1gua s\u00e3o perdas gigantescas e essas perdas consequentemente deixam o sistema vulner\u00e1vel, fazendo com que a popula\u00e7\u00e3o n\u00e3o seja atendida de forma adequada. \u00c9 essa a preocupa\u00e7\u00e3o da Companhia de Saneamento de Sergipe (Deso) e todo o seu corpo t\u00e9cnico, que j\u00e1 est\u00e1 em planejamento avan\u00e7ado para coibir esses furtos de [&hellip;]<\/p>\n","protected":false},"author":6557,"featured_media":0,"comment_status":"closed","ping_status":"closed","sticky":false,"template":"","format":"standard","meta":{"footnotes":""},"categories":[15,6,1],"tags":[208,39783,39784,39785,974],"class_list":{"0":"post-138652","1":"post","2":"type-post","3":"status-publish","4":"format-standard","6":"category-destaques","7":"category-politica","8":"category-sem-categoria","9":"tag-deso","10":"tag-diretoria-comercial","11":"tag-diretoria-operacional-da","12":"tag-furtos-de-agua","13":"tag-presidencia"},"_links":{"self":[{"href":"https:\/\/senoticias.com.br\/se\/wp-json\/wp\/v2\/posts\/138652"}],"collection":[{"href":"https:\/\/senoticias.com.br\/se\/wp-json\/wp\/v2\/posts"}],"about":[{"href":"https:\/\/senoticias.com.br\/se\/wp-json\/wp\/v2\/types\/post"}],"author":[{"embeddable":true,"href":"https:\/\/senoticias.com.br\/se\/wp-json\/wp\/v2\/users\/6557"}],"replies":[{"embeddable":true,"href":"https:\/\/senoticias.com.br\/se\/wp-json\/wp\/v2\/comments?post=138652"}],"version-history":[{"count":0,"href":"https:\/\/senoticias.com.br\/se\/wp-json\/wp\/v2\/posts\/138652\/revisions"}],"wp:attachment":[{"href":"https:\/\/senoticias.com.br\/se\/wp-json\/wp\/v2\/media?parent=138652"}],"wp:term":[{"taxonomy":"category","embeddable":true,"href":"https:\/\/senoticias.com.br\/se\/wp-json\/wp\/v2\/categories?post=138652"},{"taxonomy":"post_tag","embeddable":true,"href":"https:\/\/senoticias.com.br\/se\/wp-json\/wp\/v2\/tags?post=138652"}],"curies":[{"name":"wp","href":"https:\/\/api.w.org\/{rel}","templated":true}]}}