{"id":138648,"date":"2023-07-31T09:03:24","date_gmt":"2023-07-31T12:03:24","guid":{"rendered":"https:\/\/senoticias.com.br\/se\/?p=138648"},"modified":"2023-08-22T11:06:55","modified_gmt":"2023-08-22T14:06:55","slug":"sergipe-e-aqui-em-itabaianinha-deso-leva-inumeros-servicos-ate-o-municipio","status":"publish","type":"post","link":"https:\/\/senoticias.com.br\/se\/sergipe-e-aqui-em-itabaianinha-deso-leva-inumeros-servicos-ate-o-municipio\/","title":{"rendered":"\u201cSergipe \u00e9 Aqui\u201d em Itabaianinha: Deso leva in\u00fameros servi\u00e7os at\u00e9 o Munic\u00edpio"},"content":{"rendered":"\n<p><strong><em>Publieditorial<\/em><\/strong><\/p>\n\n\n\n<p>Chega a oitava edi\u00e7\u00e3o, desta vez, no Munic\u00edpio de Itabaianinha, o \u201cSergipe \u00e9 Aqui\u201d, que contabiliza solu\u00e7\u00f5es e melhorias para a popula\u00e7\u00e3o. A Companhia de Saneamento de Sergipe (Deso) faz parte desses resultados e esteve presente no Sul sergipano, na manh\u00e3 desta sexta-feira, 28, com v\u00e1rios servi\u00e7os que facilitam o dia a dia das comunidades, como a an\u00e1lise de faturas, renegocia\u00e7\u00e3o de d\u00edvidas, possibilidades de descontos, al\u00e9m da distribui\u00e7\u00e3o de 200 mudas e 8.000 copos de \u00e1gua.<\/p>\n\n\n\n<p>Para a presid\u00eancia da Deso, a oferta de mais de 100 servi\u00e7os distribu\u00eddos entre secretarias, \u00f3rg\u00e3os e autarquias da gest\u00e3o estadual tem grande import\u00e2ncia. Juntamente com o governador, F\u00e1bio Mitidieri, a Deso d\u00e1 prioridade a todos os clientes, ao que se refere ao abastecimento de \u00e1gua e esgotamento sanit\u00e1rio, por isso, a import\u00e2ncia da presen\u00e7a da empresa em mais uma edi\u00e7\u00e3o deste programa, com os benef\u00edcios que a Deso oferece em termos de renegocia\u00e7\u00f5es, meio ambiente com a distribui\u00e7\u00e3o de mudas e a unidade m\u00f3vel, que explica atrav\u00e9s de uma maquete, todo o trajeto que a Deso faz da capta\u00e7\u00e3o ao tratamento de esgoto. Muitos investimentos est\u00e3o em andamento na regi\u00e3o, a exemplo de R$ 13 milh\u00f5es no Munic\u00edpio, referente ao esgotamento sanit\u00e1rio.<\/p>\n\n\n\n<p><strong>Servi\u00e7os<\/strong><\/p>\n\n\n\n<p>Estiveram presentes: o &#8216;Deso M\u00f3vel&#8217;, onde \u00e9 poss\u00edvel solicitar a segunda via, o parcelamento, a an\u00e1lise de faturas, liga\u00e7\u00e3o ou religa\u00e7\u00e3o, tudo em um mesmo ambiente para maior comodidade do usu\u00e1rio, al\u00e9m do programa &#8216;Tarifa Social&#8217;, com a possibilidade de ter at\u00e9 50% de desconto na tarifa de \u00e1gua, caso o usu\u00e1rio se enquadre nos crit\u00e9rios socioecon\u00f4micos. O programa &#8216;Saneamento Expresso&#8217;, com a Unidade M\u00f3vel de Educa\u00e7\u00e3o Ambiental, que \u00e9 itinerante e possibilita levar \u00e0 popula\u00e7\u00e3o, informa\u00e7\u00f5es sobre meio ambiente e saneamento, em ve\u00edculo tipo \u00f4nibus, adaptado e equipado com maquetes did\u00e1ticas e funcionais, que retratam todo o ciclo do saneamento.<\/p>\n\n\n\n<figure class=\"wp-block-image size-large\"><img loading=\"lazy\" decoding=\"async\" width=\"567\" height=\"315\" src=\"https:\/\/senoticias.com.br\/se\/wp-content\/uploads\/2023\/08\/Itabaianinha-SE-Noticias.jpg\" alt=\"\" class=\"wp-image-138649\" srcset=\"https:\/\/senoticias.com.br\/se\/wp-content\/uploads\/2023\/08\/Itabaianinha-SE-Noticias.jpg 567w, https:\/\/senoticias.com.br\/se\/wp-content\/uploads\/2023\/08\/Itabaianinha-SE-Noticias-300x167.jpg 300w\" sizes=\"(max-width: 567px) 100vw, 567px\" \/><figcaption>Em mais uma edi\u00e7\u00e3o do Governo Itinerante, popula\u00e7\u00e3o local tem acesso aos benef\u00edcios e oportunidades de solu\u00e7\u00f5es, ofertados por secretarias, \u00f3rg\u00e3os e autarquias estaduais &#8211; Foto: ascom<\/figcaption><\/figure>\n\n\n\n<p>De acordo com a Coordena\u00e7\u00e3o de Educa\u00e7\u00e3o Ambiental, agregar informa\u00e7\u00f5es sobre o trabalho que a Deso executa teve alcance positivo, al\u00e9m do estreitamento de parcerias com as escolas de Itabaianinha. A proposta que faz parte da comitiva da Deso e com o Programa do Saneamento Expresso utiliza ferramentas da Unidade M\u00f3vel de Educa\u00e7\u00e3o Ambiental, para passar um pouco mais do sistema operacional da Empresa. O p\u00fablico, nesta edi\u00e7\u00e3o, foi voltado para o escolar, atendendo mais de 150 alunos, algo que agregou bastante. Conversas com professores locais aconteceram, onde foram detalhados os projetos que s\u00e3o desenvolvidos e que atendem escolas da rede municipal e estadual.<\/p>\n\n\n\n<p>Para a Coordena\u00e7\u00e3o do Atendimento Social da Deso, programas como esse, s\u00e3o oportunidades \u00fanicas para a Companhia conseguir ampliar seus servi\u00e7os e, principalmente, informar a popula\u00e7\u00e3o sobre o funcionamento deles. \u00c9 um momento em que \u00e9 ampliada a divulga\u00e7\u00e3o do benef\u00edcio da Tarifa Social, com o envolvimento da popula\u00e7\u00e3o em diversos atendimentos. Por isso, j\u00e1 nas outras salas de espera, funcion\u00e1rios foram at\u00e9 eles e multiplicaram a divulga\u00e7\u00e3o dos servi\u00e7os da Companhia, pois muitas pessoas desconhecem.<\/p>\n\n\n\n<p><strong>Em que condi\u00e7\u00f5es o cliente poder\u00e1 solicitar a tarifa social?<\/strong><\/p>\n\n\n\n<ul class=\"wp-block-list\"><li>Estar inscrito no Cadastro \u00danico para Programas Sociais do Governo Federal (Cad \u00danico) e com cadastro atualizado;<\/li><li>Ter renda da fam\u00edlia residente no im\u00f3vel de at\u00e9 1\/4 sal\u00e1rio-m\u00ednimo por pessoa;<\/li><li>Ser consumidor monof\u00e1sico de energia el\u00e9trica com m\u00e9dia mensal de consumo de at\u00e9 120kwh\/m\u00eas;<\/li><li>Estar devidamente cadastrado como propriet\u00e1rio ou usu\u00e1rio do im\u00f3vel em que pleiteia o benef\u00edcio;<\/li><li>Estar com im\u00f3vel cadastrado na categoria residencial;<\/li><li>Estar cadastrado em apenas uma matr\u00edcula na Deso;<\/li><li>N\u00e3o possuir d\u00e9bitos pendentes;<\/li><li>Preencher question\u00e1rio sociecon\u00f4mico, disponibilizado pela Deso.<br><br><em><strong>Acompanhe tamb\u00e9m o SE Not\u00edcias no\u00a0<a rel=\"noreferrer noopener\" href=\"https:\/\/twitter.com\/Senoticias\" target=\"_blank\">Twitter<\/a>,\u00a0<a rel=\"noreferrer noopener\" href=\"https:\/\/www.facebook.com\/senoticias1\" target=\"_blank\">Facebook<\/a>\u00a0e no\u00a0<a rel=\"noreferrer noopener\" href=\"https:\/\/www.instagram.com\/senoticias\/\" target=\"_blank\">Instagram<\/a><\/strong><\/em><\/li><\/ul>\n\n\n\n<p><strong><em>Da Assessoria de Comunica\u00e7\u00e3o<\/em><\/strong><\/p>\n","protected":false},"excerpt":{"rendered":"<p>Publieditorial Chega a oitava edi\u00e7\u00e3o, desta vez, no Munic\u00edpio de Itabaianinha, o \u201cSergipe \u00e9 Aqui\u201d, que contabiliza solu\u00e7\u00f5es e melhorias para a popula\u00e7\u00e3o. A Companhia de Saneamento de Sergipe (Deso) faz parte desses resultados e esteve presente no Sul sergipano, na manh\u00e3 desta sexta-feira, 28, com v\u00e1rios servi\u00e7os que facilitam o dia a dia das [&hellip;]<\/p>\n","protected":false},"author":6557,"featured_media":0,"comment_status":"closed","ping_status":"closed","sticky":false,"template":"","format":"standard","meta":{"footnotes":""},"categories":[15,6,1],"tags":[208,6119,38688],"class_list":{"0":"post-138648","1":"post","2":"type-post","3":"status-publish","4":"format-standard","6":"category-destaques","7":"category-politica","8":"category-sem-categoria","9":"tag-deso","10":"tag-itabaianinha","11":"tag-sergipe-e-aqui"},"_links":{"self":[{"href":"https:\/\/senoticias.com.br\/se\/wp-json\/wp\/v2\/posts\/138648"}],"collection":[{"href":"https:\/\/senoticias.com.br\/se\/wp-json\/wp\/v2\/posts"}],"about":[{"href":"https:\/\/senoticias.com.br\/se\/wp-json\/wp\/v2\/types\/post"}],"author":[{"embeddable":true,"href":"https:\/\/senoticias.com.br\/se\/wp-json\/wp\/v2\/users\/6557"}],"replies":[{"embeddable":true,"href":"https:\/\/senoticias.com.br\/se\/wp-json\/wp\/v2\/comments?post=138648"}],"version-history":[{"count":0,"href":"https:\/\/senoticias.com.br\/se\/wp-json\/wp\/v2\/posts\/138648\/revisions"}],"wp:attachment":[{"href":"https:\/\/senoticias.com.br\/se\/wp-json\/wp\/v2\/media?parent=138648"}],"wp:term":[{"taxonomy":"category","embeddable":true,"href":"https:\/\/senoticias.com.br\/se\/wp-json\/wp\/v2\/categories?post=138648"},{"taxonomy":"post_tag","embeddable":true,"href":"https:\/\/senoticias.com.br\/se\/wp-json\/wp\/v2\/tags?post=138648"}],"curies":[{"name":"wp","href":"https:\/\/api.w.org\/{rel}","templated":true}]}}