{"id":138626,"date":"2023-08-21T11:12:25","date_gmt":"2023-08-21T14:12:25","guid":{"rendered":"https:\/\/senoticias.com.br\/se\/?p=138626"},"modified":"2023-08-21T11:39:34","modified_gmt":"2023-08-21T14:39:34","slug":"mulher-morre-apos-sofrer-parada-cardiaca-na-academia-em-itabaiana","status":"publish","type":"post","link":"https:\/\/senoticias.com.br\/se\/mulher-morre-apos-sofrer-parada-cardiaca-na-academia-em-itabaiana\/","title":{"rendered":"Mulher morre ap\u00f3s sofrer parada card\u00edaca na academia em Itabaiana"},"content":{"rendered":"\n<p>Aline Almeida, de 33 anos, faleceu ap\u00f3s sofrer uma parada card\u00edaca dentro de uma academia em Itabaiana nesse domingo (20). Ela chegou a ser socorrida e encaminhada ao hospital, mas n\u00e3o resistiu.<\/p>\n\n\n\n<p>Conforme as informa\u00e7\u00f5es passadas \u00e0 nossa equipe, Aline passou mal no momento que praticava atividade f\u00edsica numa academia e sofreu a parada card\u00edaca. No Hospital Regional de Itabaiana, ela foi entubada e ficou na UTI, mas acabou n\u00e3o resistindo.<\/p>\n\n\n\n<figure class=\"wp-block-image size-large\"><img loading=\"lazy\" decoding=\"async\" width=\"600\" height=\"365\" src=\"https:\/\/senoticias.com.br\/se\/wp-content\/uploads\/2023\/08\/Aline-morreu-na-academia-SE-Noticias.jpg\" alt=\"\" class=\"wp-image-138627\" srcset=\"https:\/\/senoticias.com.br\/se\/wp-content\/uploads\/2023\/08\/Aline-morreu-na-academia-SE-Noticias.jpg 600w, https:\/\/senoticias.com.br\/se\/wp-content\/uploads\/2023\/08\/Aline-morreu-na-academia-SE-Noticias-300x183.jpg 300w\" sizes=\"(max-width: 600px) 100vw, 600px\" \/><figcaption>Aline estava praticando atividade f\u00edsica quando passou mal e foi socorrida para uma unidade hospitalar &#8211; Foto: arquivo pessoal<\/figcaption><\/figure>\n\n\n\n<p>Aline trabalhava na loja O Botic\u00e1rio e era muito conhecida na cidade de Itabaiana. Sua partida repentina entristeceu familiares e amigos, que prestar\u00e3o hoje as \u00faltimas homenagens.<\/p>\n\n\n\n<p>O vel\u00f3rio acontece no Velat\u00f3rio Peixoto e o sepultamento ser\u00e1 \u00e0s 15h. A loja O Botic\u00e1rio prestou uma homenagem a Aline e ressaltou a sua import\u00e2ncia.<\/p>\n\n\n\n<p>\u201cAgradecemos a Aline por sua dedica\u00e7\u00e3o, amizade e contribui\u00e7\u00f5es valiosas ao longo dos anos. Ela ser\u00e1 sempre lembrada com carinho por todos n\u00f3s. Neste momento, pedimos que juntem suas preces e pensamentos por sua fam\u00edlia, os mantendo em seus cora\u00e7\u00f5es e pensamentos, prestando o apoio que pudermos durante este per\u00edodo t\u00e3o dif\u00edcil\u201d, destacou a loja, em suas redes sociais.<br><br><em><strong>Acompanhe tamb\u00e9m o SE Not\u00edcias no\u00a0<a rel=\"noreferrer noopener\" href=\"https:\/\/twitter.com\/Senoticias\" target=\"_blank\">Twitter<\/a>,\u00a0<a rel=\"noreferrer noopener\" href=\"https:\/\/www.facebook.com\/senoticias1\" target=\"_blank\">Facebook<\/a>\u00a0e no\u00a0<a rel=\"noreferrer noopener\" href=\"https:\/\/www.instagram.com\/senoticias\/\" target=\"_blank\">Instagram<\/a><\/strong><\/em><br><br>Fonte: Itnet<\/p>\n","protected":false},"excerpt":{"rendered":"<p>Aline Almeida, de 33 anos, faleceu ap\u00f3s sofrer uma parada card\u00edaca dentro de uma academia em Itabaiana nesse domingo (20). Ela chegou a ser socorrida e encaminhada ao hospital, mas n\u00e3o resistiu. Conforme as informa\u00e7\u00f5es passadas \u00e0 nossa equipe, Aline passou mal no momento que praticava atividade f\u00edsica numa academia e sofreu a parada card\u00edaca. [&hellip;]<\/p>\n","protected":false},"author":6557,"featured_media":0,"comment_status":"closed","ping_status":"closed","sticky":false,"template":"","format":"standard","meta":{"footnotes":""},"categories":[15,38],"tags":[236,8378,7009],"class_list":{"0":"post-138626","1":"post","2":"type-post","3":"status-publish","4":"format-standard","6":"category-destaques","7":"category-municipios","8":"tag-itabaiana","9":"tag-mulher-morre","10":"tag-parada-cardiaca"},"_links":{"self":[{"href":"https:\/\/senoticias.com.br\/se\/wp-json\/wp\/v2\/posts\/138626"}],"collection":[{"href":"https:\/\/senoticias.com.br\/se\/wp-json\/wp\/v2\/posts"}],"about":[{"href":"https:\/\/senoticias.com.br\/se\/wp-json\/wp\/v2\/types\/post"}],"author":[{"embeddable":true,"href":"https:\/\/senoticias.com.br\/se\/wp-json\/wp\/v2\/users\/6557"}],"replies":[{"embeddable":true,"href":"https:\/\/senoticias.com.br\/se\/wp-json\/wp\/v2\/comments?post=138626"}],"version-history":[{"count":0,"href":"https:\/\/senoticias.com.br\/se\/wp-json\/wp\/v2\/posts\/138626\/revisions"}],"wp:attachment":[{"href":"https:\/\/senoticias.com.br\/se\/wp-json\/wp\/v2\/media?parent=138626"}],"wp:term":[{"taxonomy":"category","embeddable":true,"href":"https:\/\/senoticias.com.br\/se\/wp-json\/wp\/v2\/categories?post=138626"},{"taxonomy":"post_tag","embeddable":true,"href":"https:\/\/senoticias.com.br\/se\/wp-json\/wp\/v2\/tags?post=138626"}],"curies":[{"name":"wp","href":"https:\/\/api.w.org\/{rel}","templated":true}]}}