{"id":138563,"date":"2023-08-16T17:27:57","date_gmt":"2023-08-16T20:27:57","guid":{"rendered":"https:\/\/senoticias.com.br\/se\/?p=138563"},"modified":"2023-08-16T18:51:48","modified_gmt":"2023-08-16T21:51:48","slug":"policia-civil-identifica-e-indicia-cinco-pessoas-pela-morte-de-mulher-atingida-por-pipa-com-cerol-na-zona-sul","status":"publish","type":"post","link":"https:\/\/senoticias.com.br\/se\/policia-civil-identifica-e-indicia-cinco-pessoas-pela-morte-de-mulher-atingida-por-pipa-com-cerol-na-zona-sul\/","title":{"rendered":"Pol\u00edcia Civil identifica e indicia cinco pessoas pela morte de mulher atingida por pipa com \u201ccerol\u201d na Zona Sul"},"content":{"rendered":"\n<p>O Departamento de Homic\u00eddios e Prote\u00e7\u00e3o \u00e0 Pessoa (DHPP) informou, nesta quarta-feira, 16, que concluiu as investiga\u00e7\u00f5es sobre a morte de uma mulher de 51 anos, atingida no pesco\u00e7o por uma linha vitrificada &#8211; popularmente conhecida como \u201ccerol\u201d &#8211; nas proximidades do shopping do bairro Coroa do Meio, na Zona Sul de Aracaju. Cinco pessoas foram indiciadas, sendo uma delas por homic\u00eddio culposo, que \u00e9 quando n\u00e3o h\u00e1 a inten\u00e7\u00e3o de matar. Os demais envolvidos foram indiciados pelo crime de expor a vida e a sa\u00fade de pessoas a perigo direto e iminente.<\/p>\n\n\n\n<figure class=\"wp-block-image size-large\"><img loading=\"lazy\" decoding=\"async\" width=\"589\" height=\"331\" src=\"https:\/\/senoticias.com.br\/se\/wp-content\/uploads\/2023\/08\/DHPP-SE-Noticias.jpg\" alt=\"\" class=\"wp-image-138564\" srcset=\"https:\/\/senoticias.com.br\/se\/wp-content\/uploads\/2023\/08\/DHPP-SE-Noticias.jpg 589w, https:\/\/senoticias.com.br\/se\/wp-content\/uploads\/2023\/08\/DHPP-SE-Noticias-300x169.jpg 300w\" sizes=\"(max-width: 589px) 100vw, 589px\" \/><figcaption>V\u00edtima conduzia motocicleta quando foi atingida no bairro Coroa do Meio. A pipa foi lan\u00e7ada na Barra dos Coqueiros &#8211; Foto: SSP\/SE<\/figcaption><\/figure>\n\n\n\n<p>Conforme a apura\u00e7\u00e3o policial, os indiciados foram flagrados participando de uma competi\u00e7\u00e3o de pipas na Barra dos Coqueiros, na Regi\u00e3o Metropolitana.<\/p>\n\n\n\n<p>De acordo com o delegado Tarc\u00edsio Ten\u00f3rio, o fato ocorreu na tarde do dia 15 de novembro de 2021. A v\u00edtima chegou a ser socorrida pelo Servi\u00e7o de Atendimento M\u00f3vel de Urg\u00eancia (Samu), mas n\u00e3o resistiu aos ferimentos, devido a uma grave les\u00e3o no pesco\u00e7o.<\/p>\n\n\n\n<p>\u201cDurante as dilig\u00eancias no local da morte, foram apreendidas v\u00e1rias pipas e linhas, as quais foram submetidas a exame pericial. Na mesma tarde, a pol\u00edcia localizou pessoas que participavam de uma competi\u00e7\u00e3o de pipas na Barra dos Coqueiros. Todos os envolvidos foram conduzidos ao DHPP, onde foi coletado material biol\u00f3gico\u201d, detalhou.<\/p>\n\n\n\n<p>Em conjunto \u00e0 investiga\u00e7\u00e3o policial, exames realizados pelos Institutos de Criminal\u00edstica (IC) e de An\u00e1lise de Pesquisas Forenses (IAPF) conclu\u00edram que havia material biol\u00f3gico de um dos envolvidos em um fragmento de pipa recolhido no local da morte.<\/p>\n\n\n\n<p>Como resultado dos exames periciais realizados pelo IC e pelo IAPF, junto aos exames necrosc\u00f3picos feitos no Instituto M\u00e9dico Legal (IML), a Pol\u00edcia Cient\u00edfica e a Pol\u00edcia Civil chegaram \u00e0 conclus\u00e3o da causa da morte O laudo cadav\u00e9rico da v\u00edtima apontou como causa da morte hemorragia por sec\u00e7\u00e3o de vasos na regi\u00e3o cervical.<\/p>\n\n\n\n<p>Conforme Tarc\u00edsio Ten\u00f3rio, no relat\u00f3rio conclusivo das investiga\u00e7\u00f5es, o DHPP ressaltou que as pipas com linhas vitrificadas s\u00e3o fatais. \u201cComo resultado da competi\u00e7\u00e3o, as pipas vencidas seguem desgovernadas, podendo atingir pessoas, como de fato ocorreu no caso investigado\u201d, concluiu o delegado.<\/p>\n\n\n\n<p><em><strong>Acompanhe tamb\u00e9m o SE Not\u00edcias no&nbsp;<a rel=\"noreferrer noopener\" href=\"https:\/\/twitter.com\/Senoticias\" target=\"_blank\">Twitter<\/a>,&nbsp;<a rel=\"noreferrer noopener\" href=\"https:\/\/www.facebook.com\/senoticias1\" target=\"_blank\">Facebook<\/a>&nbsp;e no&nbsp;<a rel=\"noreferrer noopener\" href=\"https:\/\/www.instagram.com\/senoticias\/\" target=\"_blank\">Instagram<\/a><\/strong><\/em><\/p>\n\n\n\n<p>Fonte: SSP\/SE<\/p>\n","protected":false},"excerpt":{"rendered":"<p>O Departamento de Homic\u00eddios e Prote\u00e7\u00e3o \u00e0 Pessoa (DHPP) informou, nesta quarta-feira, 16, que concluiu as investiga\u00e7\u00f5es sobre a morte de uma mulher de 51 anos, atingida no pesco\u00e7o por uma linha vitrificada &#8211; popularmente conhecida como \u201ccerol\u201d &#8211; nas proximidades do shopping do bairro Coroa do Meio, na Zona Sul de Aracaju. Cinco pessoas [&hellip;]<\/p>\n","protected":false},"author":6557,"featured_media":0,"comment_status":"closed","ping_status":"closed","sticky":false,"template":"","format":"standard","meta":{"footnotes":""},"categories":[15,7,1],"tags":[39722,39723],"class_list":{"0":"post-138563","1":"post","2":"type-post","3":"status-publish","4":"format-standard","6":"category-destaques","7":"category-policia","8":"category-sem-categoria","9":"tag-cerol","10":"tag-cinco-pessoas-pela-morte-de-mulher"},"_links":{"self":[{"href":"https:\/\/senoticias.com.br\/se\/wp-json\/wp\/v2\/posts\/138563"}],"collection":[{"href":"https:\/\/senoticias.com.br\/se\/wp-json\/wp\/v2\/posts"}],"about":[{"href":"https:\/\/senoticias.com.br\/se\/wp-json\/wp\/v2\/types\/post"}],"author":[{"embeddable":true,"href":"https:\/\/senoticias.com.br\/se\/wp-json\/wp\/v2\/users\/6557"}],"replies":[{"embeddable":true,"href":"https:\/\/senoticias.com.br\/se\/wp-json\/wp\/v2\/comments?post=138563"}],"version-history":[{"count":0,"href":"https:\/\/senoticias.com.br\/se\/wp-json\/wp\/v2\/posts\/138563\/revisions"}],"wp:attachment":[{"href":"https:\/\/senoticias.com.br\/se\/wp-json\/wp\/v2\/media?parent=138563"}],"wp:term":[{"taxonomy":"category","embeddable":true,"href":"https:\/\/senoticias.com.br\/se\/wp-json\/wp\/v2\/categories?post=138563"},{"taxonomy":"post_tag","embeddable":true,"href":"https:\/\/senoticias.com.br\/se\/wp-json\/wp\/v2\/tags?post=138563"}],"curies":[{"name":"wp","href":"https:\/\/api.w.org\/{rel}","templated":true}]}}