{"id":138557,"date":"2023-08-16T10:47:43","date_gmt":"2023-08-16T13:47:43","guid":{"rendered":"https:\/\/senoticias.com.br\/se\/?p=138557"},"modified":"2023-08-16T10:47:58","modified_gmt":"2023-08-16T13:47:58","slug":"roupa-nova-esta-de-volta-a-aracaju-com-novo-show","status":"publish","type":"post","link":"https:\/\/senoticias.com.br\/se\/roupa-nova-esta-de-volta-a-aracaju-com-novo-show\/","title":{"rendered":"Roupa Nova est\u00e1 de volta a Aracaju com novo show"},"content":{"rendered":"\n<p>Uma das maiores bandas do pa\u00eds, Roupa Nova desembarca em Aracaju no dia 6 de setembro, v\u00e9spera de feriado, para \u00fanica apresenta\u00e7\u00e3o no Teatro Tobias Barreto, \u00e0s 20 horas. Os ingressos est\u00e3o sendo vendidos atrav\u00e9s do site Bilheteria Digital. A produ\u00e7\u00e3o do evento \u00e9 da LS Entretenimento.<\/p>\n\n\n\n<figure class=\"wp-block-image size-large\"><img loading=\"lazy\" decoding=\"async\" width=\"599\" height=\"270\" src=\"https:\/\/senoticias.com.br\/se\/wp-content\/uploads\/2023\/08\/roupa-nova-senoticias-e1692193603625.jpg\" alt=\"\" class=\"wp-image-138558\"\/><figcaption>Show ser\u00e1 realizado no dia 6 de setembro no Teatro Tobias Barreto. &#8211; Foto: Divulga\u00e7\u00e3o<\/figcaption><\/figure>\n\n\n\n<p>Com mais de 40 anos de estrada, a banda Roupa Nova tem uma trajet\u00f3ria que \u00e9 marcada por grandes can\u00e7\u00f5es, vendas absurdas de discos e uma rela\u00e7\u00e3o absolutamente emp\u00e1tica com o p\u00fablico. S\u00e3o mais de 20 milh\u00f5es de c\u00f3pias vendidas e 37 discos lan\u00e7ados at\u00e9 os dias de hoje. Considerado um dos melhores shows nacionais, Roupa Nova teve a maior escola que um m\u00fasico poderia ter: o baile. Com o nome de Os Famks, a banda passou anos fazendo bailes pelo pa\u00eds. A irrever\u00eancia, ritmo e espontaneidade presentes hoje nos shows do Roupa Nova se devem a esse per\u00edodo. Em 1980, chamados para gravar um tema de final de ano da r\u00e1dio Cidade e Mariozinho Rocha sugeriu que o nome da banda mudasse para Roupa Nova.<\/p>\n\n\n\n<p>A banda j\u00e1 teve can\u00e7\u00f5es em quase 40 novelas e foi respons\u00e1vel por tocar o \u201cTema da Vit\u00f3ria\u201d, composto e arranjado por Eduardo Souto Neto, que mais tarde se tornaria tema de Ayrton Senna. Entre as can\u00e7\u00f5es mais famosas est\u00e3o \u201cWhisky a Go-Go\u201d, \u201cDona\u201d, \u201cVolta pra Mim\u201d, \u201cAnjo\u201d, \u201cSeguindo no Trem Azul\u201d, \u201cA Viagem\u201d e \u201cCora\u00e7\u00e3o Pirata\u201d. A banda \u00e9 formada por Cleberson, Feghali, Nando, Serginho, Fabio Nestares e Kiko.<\/p>\n\n\n\n<p><em><strong>Acompanhe tamb\u00e9m o SE Not\u00edcias no&nbsp;<a rel=\"noreferrer noopener\" href=\"https:\/\/twitter.com\/Senoticias\" target=\"_blank\">Twitter<\/a>,&nbsp;<a rel=\"noreferrer noopener\" href=\"https:\/\/www.facebook.com\/senoticias1\" target=\"_blank\">Facebook<\/a>&nbsp;e no&nbsp;<a rel=\"noreferrer noopener\" href=\"https:\/\/www.instagram.com\/senoticias\/\" target=\"_blank\">Instagram<\/a><\/strong><\/em><\/p>\n\n\n\n<p><em>Fonte:<\/em> A8 SE<\/p>\n","protected":false},"excerpt":{"rendered":"<p>Uma das maiores bandas do pa\u00eds, Roupa Nova desembarca em Aracaju no dia 6 de setembro, v\u00e9spera de feriado, para \u00fanica apresenta\u00e7\u00e3o no Teatro Tobias Barreto, \u00e0s 20 horas. Os ingressos est\u00e3o sendo vendidos atrav\u00e9s do site Bilheteria Digital. A produ\u00e7\u00e3o do evento \u00e9 da LS Entretenimento. Com mais de 40 anos de estrada, a [&hellip;]<\/p>\n","protected":false},"author":6557,"featured_media":0,"comment_status":"closed","ping_status":"closed","sticky":false,"template":"","format":"standard","meta":{"footnotes":""},"categories":[15,21],"tags":[39719,39718],"class_list":{"0":"post-138557","1":"post","2":"type-post","3":"status-publish","4":"format-standard","6":"category-destaques","7":"category-entretenimento","8":"tag-banda-roupa-nova","9":"tag-ls-entretenimento"},"_links":{"self":[{"href":"https:\/\/senoticias.com.br\/se\/wp-json\/wp\/v2\/posts\/138557"}],"collection":[{"href":"https:\/\/senoticias.com.br\/se\/wp-json\/wp\/v2\/posts"}],"about":[{"href":"https:\/\/senoticias.com.br\/se\/wp-json\/wp\/v2\/types\/post"}],"author":[{"embeddable":true,"href":"https:\/\/senoticias.com.br\/se\/wp-json\/wp\/v2\/users\/6557"}],"replies":[{"embeddable":true,"href":"https:\/\/senoticias.com.br\/se\/wp-json\/wp\/v2\/comments?post=138557"}],"version-history":[{"count":0,"href":"https:\/\/senoticias.com.br\/se\/wp-json\/wp\/v2\/posts\/138557\/revisions"}],"wp:attachment":[{"href":"https:\/\/senoticias.com.br\/se\/wp-json\/wp\/v2\/media?parent=138557"}],"wp:term":[{"taxonomy":"category","embeddable":true,"href":"https:\/\/senoticias.com.br\/se\/wp-json\/wp\/v2\/categories?post=138557"},{"taxonomy":"post_tag","embeddable":true,"href":"https:\/\/senoticias.com.br\/se\/wp-json\/wp\/v2\/tags?post=138557"}],"curies":[{"name":"wp","href":"https:\/\/api.w.org\/{rel}","templated":true}]}}