{"id":138556,"date":"2023-08-16T12:02:14","date_gmt":"2023-08-16T15:02:14","guid":{"rendered":"https:\/\/senoticias.com.br\/se\/?p=138556"},"modified":"2023-08-16T12:10:51","modified_gmt":"2023-08-16T15:10:51","slug":"ex-lider-de-grupo-de-jovens-e-preso-pela-policia-civil-ao-ser-condenado-por-estupro-de-vulneravel-contra-crianca-de-12-anos","status":"publish","type":"post","link":"https:\/\/senoticias.com.br\/se\/ex-lider-de-grupo-de-jovens-e-preso-pela-policia-civil-ao-ser-condenado-por-estupro-de-vulneravel-contra-crianca-de-12-anos\/","title":{"rendered":"Ex-l\u00edder de grupo de jovens \u00e9 preso pela Pol\u00edcia Civil ao ser condenado por estupro de vulner\u00e1vel contra crian\u00e7a de 12 anos"},"content":{"rendered":"\n<p>Um homem de 39 anos, ex-l\u00edder de um grupo de jovens de uma igreja, foi preso em cumprimento a mandado de pris\u00e3o definitiva pela pr\u00e1tica de crime de estupro de vulner\u00e1vel contra uma crian\u00e7a de 12 anos. A investiga\u00e7\u00e3o foi conduzida pela Delegacia Especial de Prote\u00e7\u00e3o \u00e0 Crian\u00e7a e ao Adolescente V\u00edtima (Deacav), vinculada ao Departamento de Atendimento a Grupos Vulner\u00e1veis (DAGV). Ele foi preso na pr\u00f3pria resid\u00eancia, em Aracaju. A a\u00e7\u00e3o policial foi divulgada nesta quarta-feira, 16.<\/p>\n\n\n\n<p>De acordo com a delegada Josefa Valeria, a investiga\u00e7\u00e3o teve in\u00edcio em 2018. \u201cQuando recebemos a denuncia de que uma crian\u00e7a de 12 anos estava sendo vitima de estupro de vulneravel, praticado por esse homem que era coordenador do grupo de jovens de uma igreja localizada na Zona Norte de Aracaju. O autor do crime se aproveitou da autoridade e da quest\u00e3o emocional da v\u00edtima ao entrar na igreja\u201d, revelou.<\/p>\n\n\n\n<figure class=\"wp-block-image size-large\"><img loading=\"lazy\" decoding=\"async\" width=\"579\" height=\"337\" src=\"https:\/\/senoticias.com.br\/se\/wp-content\/uploads\/2023\/08\/Algemado-SE-Noticias.jpg\" alt=\"\" class=\"wp-image-138560\" srcset=\"https:\/\/senoticias.com.br\/se\/wp-content\/uploads\/2023\/08\/Algemado-SE-Noticias.jpg 579w, https:\/\/senoticias.com.br\/se\/wp-content\/uploads\/2023\/08\/Algemado-SE-Noticias-300x175.jpg 300w\" sizes=\"(max-width: 579px) 100vw, 579px\" \/><figcaption>Segundo a Pol\u00edcia Civil, o suspeito se aproveitou que liderava o grupo e chegou a praticar o crime nas depend\u00eancias da pr\u00f3pria igreja &#8211; Foto: SSP\/SE<\/figcaption><\/figure>\n\n\n\n<p>Ainda conforme a delegada, ele praticou atos libidinosos contra a v\u00edtima dentro das depend\u00eancias da igreja. \u201cE, em outros atos, ele levou a v\u00edtima \u00e0 resid\u00eancia dele. A v\u00edtima teve coragem de denunciar na pr\u00f3pria igreja, e a pastora do templo religioso procurou a fam\u00edlia. As provid\u00eancias foram adotadas imediatamente, com o afastamento dele da igreja. A fam\u00edlia nos procurou aqui no DAGV, e n\u00f3s iniciamos a investiga\u00e7\u00e3o\u201d, acrescentou.<\/p>\n\n\n\n<p>Josefa Val\u00e9ria revelou ainda que, em depoimento, o autor do crime n\u00e3o negou ter tido os atos libidinosos com a v\u00edtima. \u201cEle apenas informou que n\u00e3o sabia a idade da v\u00edtima. Mas, durante a investiga\u00e7\u00e3o, ficou comprovado que ele sabia sim a idade da v\u00edtima, pois ele encontrava a crian\u00e7a com farda da escola e ele era o l\u00edder dos jovens, tendo acesso \u00e0s fichas de identifica\u00e7\u00e3o. E, pela idade, a v\u00edtima era a mais jovem do grupo\u201d, relatou.<\/p>\n\n\n\n<p>A delegada concluiu informando que a v\u00edtima chegou a dizer sua idade para o autor do crime, o que tamb\u00e9m demonstra que o homem, de 39 anos, sabia que estava praticando estupro de vulner\u00e1vel contra uma cian\u00e7a de 12 anos. \u201cA v\u00edtima confirmou que tinha dito sua idade a ele nos encontros pessoais. Ent\u00e3o, ele realmente se aproveitou do momento de fragilidade da v\u00edtima e de sua autoridade\u201d, complementou Josefa Val\u00e9ria.<\/p>\n\n\n\n<p>O homem de 39 anos foi condenado pela Justi\u00e7a, sendo preso em cumprimento a mandado de pris\u00e3o definitiva na pr\u00f3pria resid\u00eancia na Zona Norte de Aracaju. Ele foi encaminhado \u00e0 audi\u00eancia de cust\u00f3dia, onde a Justi\u00e7a manteve a pris\u00e3o. O condenado j\u00e1 foi levado ao sistema prisional, onde j\u00e1 se encontra \u00e0 disposi\u00e7\u00e3o da Justi\u00e7a para cumprimento da pena de 14 anos de pris\u00e3o aplicada pelo Poder Judici\u00e1rio.<\/p>\n\n\n\n<p><em><strong>Acompanhe tamb\u00e9m o SE Not\u00edcias no\u00a0<a rel=\"noreferrer noopener\" href=\"https:\/\/twitter.com\/Senoticias\" target=\"_blank\">Twitter<\/a>,\u00a0<a rel=\"noreferrer noopener\" href=\"https:\/\/www.facebook.com\/senoticias1\" target=\"_blank\">Facebook<\/a>\u00a0e no\u00a0<a rel=\"noreferrer noopener\" href=\"https:\/\/www.instagram.com\/senoticias\/\" target=\"_blank\">Instagram<\/a><\/strong><\/em><\/p>\n\n\n\n<p>Fonte: SSP\/SE<\/p>\n","protected":false},"excerpt":{"rendered":"<p>Um homem de 39 anos, ex-l\u00edder de um grupo de jovens de uma igreja, foi preso em cumprimento a mandado de pris\u00e3o definitiva pela pr\u00e1tica de crime de estupro de vulner\u00e1vel contra uma crian\u00e7a de 12 anos. A investiga\u00e7\u00e3o foi conduzida pela Delegacia Especial de Prote\u00e7\u00e3o \u00e0 Crian\u00e7a e ao Adolescente V\u00edtima (Deacav), vinculada ao [&hellip;]<\/p>\n","protected":false},"author":6557,"featured_media":0,"comment_status":"closed","ping_status":"closed","sticky":false,"template":"","format":"standard","meta":{"footnotes":""},"categories":[15,7,1],"tags":[39720,7484,78,39721],"class_list":{"0":"post-138556","1":"post","2":"type-post","3":"status-publish","4":"format-standard","6":"category-destaques","7":"category-policia","8":"category-sem-categoria","9":"tag-crianca-de-12-anos","10":"tag-estupro-de-vulneravel","11":"tag-policia-civil","12":"tag-rupo-de-jovens"},"_links":{"self":[{"href":"https:\/\/senoticias.com.br\/se\/wp-json\/wp\/v2\/posts\/138556"}],"collection":[{"href":"https:\/\/senoticias.com.br\/se\/wp-json\/wp\/v2\/posts"}],"about":[{"href":"https:\/\/senoticias.com.br\/se\/wp-json\/wp\/v2\/types\/post"}],"author":[{"embeddable":true,"href":"https:\/\/senoticias.com.br\/se\/wp-json\/wp\/v2\/users\/6557"}],"replies":[{"embeddable":true,"href":"https:\/\/senoticias.com.br\/se\/wp-json\/wp\/v2\/comments?post=138556"}],"version-history":[{"count":0,"href":"https:\/\/senoticias.com.br\/se\/wp-json\/wp\/v2\/posts\/138556\/revisions"}],"wp:attachment":[{"href":"https:\/\/senoticias.com.br\/se\/wp-json\/wp\/v2\/media?parent=138556"}],"wp:term":[{"taxonomy":"category","embeddable":true,"href":"https:\/\/senoticias.com.br\/se\/wp-json\/wp\/v2\/categories?post=138556"},{"taxonomy":"post_tag","embeddable":true,"href":"https:\/\/senoticias.com.br\/se\/wp-json\/wp\/v2\/tags?post=138556"}],"curies":[{"name":"wp","href":"https:\/\/api.w.org\/{rel}","templated":true}]}}