{"id":138542,"date":"2023-08-15T06:19:50","date_gmt":"2023-08-15T09:19:50","guid":{"rendered":"https:\/\/senoticias.com.br\/se\/?p=138542"},"modified":"2023-08-15T06:27:14","modified_gmt":"2023-08-15T09:27:14","slug":"policia-civil-prende-tres-investigados-por-estelionato-envolvendo-venda-de-casa-no-valor-de-r-350-mil-em-aracaju","status":"publish","type":"post","link":"https:\/\/senoticias.com.br\/se\/policia-civil-prende-tres-investigados-por-estelionato-envolvendo-venda-de-casa-no-valor-de-r-350-mil-em-aracaju\/","title":{"rendered":"Pol\u00edcia Civil prende tr\u00eas investigados por estelionato envolvendo venda de casa no valor de R$ 350 mil em Aracaju"},"content":{"rendered":"\n<p>Equipes do Departamento de Crimes Contra o Patrim\u00f4nio (Depatri), da Pol\u00edcia Civil de Sergipe cumpriram os mandados de pris\u00e3o de tr\u00eas investigados pelo crime de estelionato envolvendo a venda de uma<strong> casa avaliada em R$ 350 mil, na regi\u00e3o do Robalo, na Zona de Expans\u00e3o de Aracaju<\/strong>. Os investigados tentaram vender um im\u00f3vel do qual eles n\u00e3o eram os donos. A\u00e7\u00e3o policial ocorreu na \u00faltima sexta-feira, 11, e foi divulgada nesta segunda-feira, 14.<\/p>\n\n\n\n<figure class=\"wp-block-image size-large\"><img loading=\"lazy\" decoding=\"async\" width=\"591\" height=\"395\" src=\"https:\/\/senoticias.com.br\/se\/wp-content\/uploads\/2023\/08\/Delegada-Lauana-Guedes-Se-Noticias.jpg\" alt=\"\" class=\"wp-image-138543\" srcset=\"https:\/\/senoticias.com.br\/se\/wp-content\/uploads\/2023\/08\/Delegada-Lauana-Guedes-Se-Noticias.jpg 591w, https:\/\/senoticias.com.br\/se\/wp-content\/uploads\/2023\/08\/Delegada-Lauana-Guedes-Se-Noticias-300x201.jpg 300w, https:\/\/senoticias.com.br\/se\/wp-content\/uploads\/2023\/08\/Delegada-Lauana-Guedes-Se-Noticias-90x60.jpg 90w, https:\/\/senoticias.com.br\/se\/wp-content\/uploads\/2023\/08\/Delegada-Lauana-Guedes-Se-Noticias-180x120.jpg 180w, https:\/\/senoticias.com.br\/se\/wp-content\/uploads\/2023\/08\/Delegada-Lauana-Guedes-Se-Noticias-95x64.jpg 95w\" sizes=\"(max-width: 591px) 100vw, 591px\" \/><figcaption>Segundo a delegada Lauana Guedes, o im\u00f3vel n\u00e3o pertencia aos presos &#8211; Foto: SSP\/SE<\/figcaption><\/figure>\n\n\n\n<p>De acordo com a delegada Lauana Guedes, as investiga\u00e7\u00f5es come\u00e7aram no ano passado. \u201cOs autos relataram, inicialmente, uma suposta viola\u00e7\u00e3o de domic\u00edlio em que a Pol\u00edcia Militar interveio. No decorrer da investiga\u00e7\u00e3o, ficou constatado que houve um crime de estelionato em que tr\u00eas pessoas se associaram para vender o bem de um terceiro\u201d, iniciou.<\/p>\n\n\n\n<p>Conforme a delegada, a venda foi poss\u00edvel porque um dos envolvidos \u00e9 sobrinho do dono do im\u00f3vel. \u201cEle estava em posse da documenta\u00e7\u00e3o e, inicialmente, alugou a outro envolvido. Em seguida, os dois se juntaram para tentar vend\u00ea-la a um terceiro que, por sua vez, vendeu a uma pessoa de boa-f\u00e9 por R$ 350 mil\u201d, detalhou.<\/p>\n\n\n\n<p>Lauana Guedes informou que os tr\u00eas investigados j\u00e1 respondem a processos criminais pela pr\u00e1tica do crime de estelionato. \u201cPresente os requisitos da cust\u00f3dia cautelar, n\u00f3s representamos por suas pris\u00f5es preventivas, que foram decretadas e cumpridas na \u00faltima sexta-feira, 11\u201d, acrescentou.<\/p>\n\n\n\n<p>A delegada ressaltou que os tr\u00eas investigados agiram de m\u00e1-fe. \u201cPorque eles tinham conhecimento de que o im\u00f3vel era pertencente a outra pessoa e quiseram se locupletar ilicitamente. Um deles responde a diversos procedimentos criminais e estava com uma tornozeleira eletr\u00f4nica\u201d, revelou.<\/p>\n\n\n\n<p>Ainda segundo a delegada, \u00e9 preciso ter cautela ao alugar im\u00f3veis para evitar ser v\u00edtima de crimes semelhantes. \u201cEvitar fornecer o documento do im\u00f3vel, pois, a partir desse envio, que seria algo natural, eles conseguem fraudar a documenta\u00e7\u00e3o e se passarem pelos verdadeiros donos\u201d, finalizou Lauana Guedes.<\/p>\n\n\n\n<p><em><strong>Acompanhe tamb\u00e9m o SE Not\u00edcias no\u00a0<a rel=\"noreferrer noopener\" href=\"https:\/\/twitter.com\/Senoticias\" target=\"_blank\">Twitter<\/a>,\u00a0<a rel=\"noreferrer noopener\" href=\"https:\/\/www.facebook.com\/senoticias1\" target=\"_blank\">Facebook<\/a>\u00a0e no\u00a0<a rel=\"noreferrer noopener\" href=\"https:\/\/www.instagram.com\/senoticias\/\" target=\"_blank\">Instagram<\/a><\/strong><\/em><\/p>\n\n\n\n<p>Fonte: SSP\/SE<\/p>\n","protected":false},"excerpt":{"rendered":"<p>Equipes do Departamento de Crimes Contra o Patrim\u00f4nio (Depatri), da Pol\u00edcia Civil de Sergipe cumpriram os mandados de pris\u00e3o de tr\u00eas investigados pelo crime de estelionato envolvendo a venda de uma casa avaliada em R$ 350 mil, na regi\u00e3o do Robalo, na Zona de Expans\u00e3o de Aracaju. Os investigados tentaram vender um im\u00f3vel do qual [&hellip;]<\/p>\n","protected":false},"author":6557,"featured_media":0,"comment_status":"closed","ping_status":"closed","sticky":false,"template":"","format":"standard","meta":{"footnotes":""},"categories":[15,7],"tags":[16155,5443,78],"class_list":{"0":"post-138542","1":"post","2":"type-post","3":"status-publish","4":"format-standard","6":"category-destaques","7":"category-policia","8":"tag-delegada-lauana-guedes","9":"tag-estelionatarios","10":"tag-policia-civil"},"_links":{"self":[{"href":"https:\/\/senoticias.com.br\/se\/wp-json\/wp\/v2\/posts\/138542"}],"collection":[{"href":"https:\/\/senoticias.com.br\/se\/wp-json\/wp\/v2\/posts"}],"about":[{"href":"https:\/\/senoticias.com.br\/se\/wp-json\/wp\/v2\/types\/post"}],"author":[{"embeddable":true,"href":"https:\/\/senoticias.com.br\/se\/wp-json\/wp\/v2\/users\/6557"}],"replies":[{"embeddable":true,"href":"https:\/\/senoticias.com.br\/se\/wp-json\/wp\/v2\/comments?post=138542"}],"version-history":[{"count":0,"href":"https:\/\/senoticias.com.br\/se\/wp-json\/wp\/v2\/posts\/138542\/revisions"}],"wp:attachment":[{"href":"https:\/\/senoticias.com.br\/se\/wp-json\/wp\/v2\/media?parent=138542"}],"wp:term":[{"taxonomy":"category","embeddable":true,"href":"https:\/\/senoticias.com.br\/se\/wp-json\/wp\/v2\/categories?post=138542"},{"taxonomy":"post_tag","embeddable":true,"href":"https:\/\/senoticias.com.br\/se\/wp-json\/wp\/v2\/tags?post=138542"}],"curies":[{"name":"wp","href":"https:\/\/api.w.org\/{rel}","templated":true}]}}