{"id":138537,"date":"2023-08-14T18:42:58","date_gmt":"2023-08-14T21:42:58","guid":{"rendered":"https:\/\/senoticias.com.br\/se\/?p=138537"},"modified":"2023-08-14T18:43:12","modified_gmt":"2023-08-14T21:43:12","slug":"cantor-de-brega-funk-morre-apos-ser-baleado-durante-festa-em-recife","status":"publish","type":"post","link":"https:\/\/senoticias.com.br\/se\/cantor-de-brega-funk-morre-apos-ser-baleado-durante-festa-em-recife\/","title":{"rendered":"Cantor de brega funk morre ap\u00f3s ser baleado durante festa em Recife"},"content":{"rendered":"\n<p><\/p>\n\n\n\n<p>O cantor de brega&nbsp;funk&nbsp;Sergio Murilo Gon\u00e7alves Filho, conhecido como MC Serginho Porrad\u00e3o, e uma mulher morreram baleados durante uma confus\u00e3o no bairro de Guabiraba no&nbsp;domingo, 13, em Recife, no Estado de Pernambuco. Nas redes sociais, familiares e amigos do artista lamentaram sua morte.&nbsp;<\/p>\n\n\n\n<figure class=\"wp-block-image size-large\"><img loading=\"lazy\" decoding=\"async\" width=\"592\" height=\"400\" src=\"https:\/\/senoticias.com.br\/se\/wp-content\/uploads\/2023\/08\/Cantor-morre-em-Recife-SE-Noticias.jpg\" alt=\"\" class=\"wp-image-138538\" srcset=\"https:\/\/senoticias.com.br\/se\/wp-content\/uploads\/2023\/08\/Cantor-morre-em-Recife-SE-Noticias.jpg 592w, https:\/\/senoticias.com.br\/se\/wp-content\/uploads\/2023\/08\/Cantor-morre-em-Recife-SE-Noticias-300x203.jpg 300w, https:\/\/senoticias.com.br\/se\/wp-content\/uploads\/2023\/08\/Cantor-morre-em-Recife-SE-Noticias-90x60.jpg 90w, https:\/\/senoticias.com.br\/se\/wp-content\/uploads\/2023\/08\/Cantor-morre-em-Recife-SE-Noticias-95x64.jpg 95w\" sizes=\"(max-width: 592px) 100vw, 592px\" \/><figcaption>Uma mulher tamb\u00e9m foi baleada no local e n\u00e3o resistiu: Reprodu\u00e7\u00e3o\/Instagram:@serginhoporradao1<\/figcaption><\/figure>\n\n\n\n<p>Segundo a Pol\u00edcia Civil informou ao Terra, a ocorr\u00eancia de duplo homic\u00eddio consumado foi registrada pela&nbsp;Equipe de For\u00e7a Tarefa de Homic\u00eddios da Capital.&nbsp;<\/p>\n\n\n\n<p>&#8220;As v\u00edtimas, um homem de 29 anos e uma mulher, ainda n\u00e3o identificada, deram entrada em uma unidade hospitalar com perfura\u00e7\u00f5es de arma de fogo, por\u00e9m n\u00e3o resistiram&#8221;, informou a corpora\u00e7\u00e3o.<\/p>\n\n\n\n<p>De acordo com o portal Metr\u00f3poles,&nbsp;testemunhas informaram que o artista estava em uma festa do Dia&nbsp;dos Pais e tentava separar uma confus\u00e3o entre um homem e a&nbsp;mulher que morreu, quando foi atingido por um disparo de arma de fogo.&nbsp;<\/p>\n\n\n\n<p>Ainda de acordo com a Pol\u00edcia Civil, tanto o cantor, quanto a mulher foram encontrados pr\u00f3ximos \u00e0\u00a0pra\u00e7a Bola na Rede, no bairro de Guabiraba. &#8220;As investiga\u00e7\u00f5es seguem at\u00e9 a elucida\u00e7\u00e3o do crime&#8221;, acrescentou a corpora\u00e7\u00e3o.<\/p>\n\n\n\n<p><em><strong>Acompanhe tamb\u00e9m o SE Not\u00edcias no\u00a0<a rel=\"noreferrer noopener\" href=\"https:\/\/twitter.com\/Senoticias\" target=\"_blank\">Twitter<\/a>,\u00a0<a rel=\"noreferrer noopener\" href=\"https:\/\/www.facebook.com\/senoticias1\" target=\"_blank\">Facebook<\/a>\u00a0e no\u00a0<a rel=\"noreferrer noopener\" href=\"https:\/\/www.instagram.com\/senoticias\/\" target=\"_blank\">Instagram<\/a><\/strong><\/em><\/p>\n\n\n\n<p>Fonte: Portal Terra<\/p>\n","protected":false},"excerpt":{"rendered":"<p>O cantor de brega&nbsp;funk&nbsp;Sergio Murilo Gon\u00e7alves Filho, conhecido como MC Serginho Porrad\u00e3o, e uma mulher morreram baleados durante uma confus\u00e3o no bairro de Guabiraba no&nbsp;domingo, 13, em Recife, no Estado de Pernambuco. Nas redes sociais, familiares e amigos do artista lamentaram sua morte.&nbsp; Segundo a Pol\u00edcia Civil informou ao Terra, a ocorr\u00eancia de duplo homic\u00eddio [&hellip;]<\/p>\n","protected":false},"author":6557,"featured_media":0,"comment_status":"closed","ping_status":"closed","sticky":false,"template":"","format":"standard","meta":{"footnotes":""},"categories":[15,2961],"tags":[4326,39707,39708],"class_list":{"0":"post-138537","1":"post","2":"type-post","3":"status-publish","4":"format-standard","6":"category-destaques","7":"category-nacional","8":"tag-cantor-assassinado","9":"tag-cantor-brega","10":"tag-cantor-funk"},"_links":{"self":[{"href":"https:\/\/senoticias.com.br\/se\/wp-json\/wp\/v2\/posts\/138537"}],"collection":[{"href":"https:\/\/senoticias.com.br\/se\/wp-json\/wp\/v2\/posts"}],"about":[{"href":"https:\/\/senoticias.com.br\/se\/wp-json\/wp\/v2\/types\/post"}],"author":[{"embeddable":true,"href":"https:\/\/senoticias.com.br\/se\/wp-json\/wp\/v2\/users\/6557"}],"replies":[{"embeddable":true,"href":"https:\/\/senoticias.com.br\/se\/wp-json\/wp\/v2\/comments?post=138537"}],"version-history":[{"count":0,"href":"https:\/\/senoticias.com.br\/se\/wp-json\/wp\/v2\/posts\/138537\/revisions"}],"wp:attachment":[{"href":"https:\/\/senoticias.com.br\/se\/wp-json\/wp\/v2\/media?parent=138537"}],"wp:term":[{"taxonomy":"category","embeddable":true,"href":"https:\/\/senoticias.com.br\/se\/wp-json\/wp\/v2\/categories?post=138537"},{"taxonomy":"post_tag","embeddable":true,"href":"https:\/\/senoticias.com.br\/se\/wp-json\/wp\/v2\/tags?post=138537"}],"curies":[{"name":"wp","href":"https:\/\/api.w.org\/{rel}","templated":true}]}}