{"id":138521,"date":"2023-08-14T11:28:43","date_gmt":"2023-08-14T14:28:43","guid":{"rendered":"https:\/\/senoticias.com.br\/se\/?p=138521"},"modified":"2023-08-14T11:57:38","modified_gmt":"2023-08-14T14:57:38","slug":"sergipano-diego-costa-desembarca-no-rio-de-janeiro-para-se-apresentar-ao-botafogo","status":"publish","type":"post","link":"https:\/\/senoticias.com.br\/se\/sergipano-diego-costa-desembarca-no-rio-de-janeiro-para-se-apresentar-ao-botafogo\/","title":{"rendered":"Sergipano Diego Costa desembarca no Rio de Janeiro para se apresentar ao Botafogo"},"content":{"rendered":"\n<p>O atacante Diego Costa chegou ao Rio de Janeiro na manh\u00e3 desta segunda-feira para se apresentar ao Botafogo. O jogador de 34 anos assinou contrato at\u00e9 o final de 2023 para encorpar o elenco na refer\u00eancia de ataque na disputa pelo t\u00edtulo brasileiro.<\/p>\n\n\n\n<figure class=\"wp-block-image size-large\"><img loading=\"lazy\" decoding=\"async\" width=\"589\" height=\"368\" src=\"https:\/\/senoticias.com.br\/se\/wp-content\/uploads\/2023\/08\/Jogador-Diego-Costa-SE-Noticias.jpg\" alt=\"\" class=\"wp-image-138522\" srcset=\"https:\/\/senoticias.com.br\/se\/wp-content\/uploads\/2023\/08\/Jogador-Diego-Costa-SE-Noticias.jpg 589w, https:\/\/senoticias.com.br\/se\/wp-content\/uploads\/2023\/08\/Jogador-Diego-Costa-SE-Noticias-300x187.jpg 300w, https:\/\/senoticias.com.br\/se\/wp-content\/uploads\/2023\/08\/Jogador-Diego-Costa-SE-Noticias-120x76.jpg 120w, https:\/\/senoticias.com.br\/se\/wp-content\/uploads\/2023\/08\/Jogador-Diego-Costa-SE-Noticias-308x192.jpg 308w\" sizes=\"(max-width: 589px) 100vw, 589px\" \/><figcaption>Sergipano Diego Costa desembarca no Rio de Janeiro para se apresentar ao Botafogo &#8211; Foto: arquivo\/GE\/divulga\u00e7\u00e3o<\/figcaption><\/figure>\n\n\n\n<p>A expectativa era de que o jogador chegasse \u00e0 cidade entre segunda e ter\u00e7a-feira. Reservado, o atleta n\u00e3o queria ter contato com imprensa ou torcedores no aeroporto e por isso n\u00e3o foi divulgada nenhuma informa\u00e7\u00e3o sobre a chegada.<\/p>\n\n\n\n<p>Aos 34 anos, Diego Costa construiu uma carreira vitoriosa na Europa jogando pelo Atl\u00e9tico de Madrid, onde conquistou duas vezes o Campeonato Espanhol e uma Liga Europa, Chelsea, onde venceu a Premier League, entre outras equipes.<\/p>\n\n\n\n<p>No Brasil, defendeu o Atl\u00e9tico-MG em 2021 e foi parte da equipe que tirou o Galo da fila de mais de 50 anos sem conquistar o Campeonato Brasileiro, al\u00e9m de tamb\u00e9m levar para a casa a ta\u00e7a da Copa do Brasil naquela temporada.<\/p>\n\n\n\n<p>L\u00edder do Campeonato Brasileiro com 47 pontos somados em 19 rodadas, o Glorioso tem uma semana cheia de prepara\u00e7\u00e3o antes de voltar a jogar, na primeira rodada do returno da competi\u00e7\u00e3o, contra o S\u00e3o Paulo, no Morumbi, no s\u00e1bado (19), \u00e0s 16h.<\/p>\n\n\n\n<p>Na noite deste s\u00e1bado, o centroavante Diego Costa mandou um recado para o torcedor alvinegro nas redes sociais do clube. O atleta assinar\u00e1 um contrato com o Glorioso at\u00e9 o fim de 2023 para ajudar na busca pelo t\u00edtulo do Brasileir\u00e3o.<br><br>Fala, fam\u00edlia botafoguense. Muito feliz por ter sido escolhido para poder fazer parte da fam\u00edlia. Um abra\u00e7o e nos vemos em breve &#8211; disse o jogador em um breve v\u00eddeo.<\/p>\n\n\n\n<p><em><strong>Acompanhe tamb\u00e9m o SE Not\u00edcias no\u00a0\u00a0<a rel=\"noreferrer noopener\" href=\"https:\/\/twitter.com\/Senoticias\" target=\"_blank\">Twitter<\/a>\u00a0,\u00a0\u00a0<a rel=\"noreferrer noopener\" href=\"https:\/\/www.facebook.com\/senoticias1\" target=\"_blank\">Facebook<\/a>\u00a0\u00a0e no\u00a0\u00a0<a rel=\"noreferrer noopener\" href=\"https:\/\/www.instagram.com\/senoticias\/\" target=\"_blank\">Instagram<\/a><\/strong><\/em><\/p>\n\n\n\n<p>Fonte: GE<\/p>\n","protected":false},"excerpt":{"rendered":"<p>O atacante Diego Costa chegou ao Rio de Janeiro na manh\u00e3 desta segunda-feira para se apresentar ao Botafogo. O jogador de 34 anos assinou contrato at\u00e9 o final de 2023 para encorpar o elenco na refer\u00eancia de ataque na disputa pelo t\u00edtulo brasileiro. A expectativa era de que o jogador chegasse \u00e0 cidade entre segunda [&hellip;]<\/p>\n","protected":false},"author":6557,"featured_media":0,"comment_status":"closed","ping_status":"closed","sticky":false,"template":"","format":"standard","meta":{"footnotes":""},"categories":[15,26,1],"tags":[722,5284,34785],"class_list":{"0":"post-138521","1":"post","2":"type-post","3":"status-publish","4":"format-standard","6":"category-destaques","7":"category-esportes","8":"category-sem-categoria","9":"tag-diego-costa","10":"tag-jogador-diego-costa","11":"tag-sergipano-diego-costa"},"_links":{"self":[{"href":"https:\/\/senoticias.com.br\/se\/wp-json\/wp\/v2\/posts\/138521"}],"collection":[{"href":"https:\/\/senoticias.com.br\/se\/wp-json\/wp\/v2\/posts"}],"about":[{"href":"https:\/\/senoticias.com.br\/se\/wp-json\/wp\/v2\/types\/post"}],"author":[{"embeddable":true,"href":"https:\/\/senoticias.com.br\/se\/wp-json\/wp\/v2\/users\/6557"}],"replies":[{"embeddable":true,"href":"https:\/\/senoticias.com.br\/se\/wp-json\/wp\/v2\/comments?post=138521"}],"version-history":[{"count":0,"href":"https:\/\/senoticias.com.br\/se\/wp-json\/wp\/v2\/posts\/138521\/revisions"}],"wp:attachment":[{"href":"https:\/\/senoticias.com.br\/se\/wp-json\/wp\/v2\/media?parent=138521"}],"wp:term":[{"taxonomy":"category","embeddable":true,"href":"https:\/\/senoticias.com.br\/se\/wp-json\/wp\/v2\/categories?post=138521"},{"taxonomy":"post_tag","embeddable":true,"href":"https:\/\/senoticias.com.br\/se\/wp-json\/wp\/v2\/tags?post=138521"}],"curies":[{"name":"wp","href":"https:\/\/api.w.org\/{rel}","templated":true}]}}