{"id":138510,"date":"2023-08-14T08:40:44","date_gmt":"2023-08-14T11:40:44","guid":{"rendered":"https:\/\/senoticias.com.br\/se\/?p=138510"},"modified":"2023-08-14T08:54:10","modified_gmt":"2023-08-14T11:54:10","slug":"policia-civil-prende-investigado-por-golpe-do-pix-contra-empresas-de-propria","status":"publish","type":"post","link":"https:\/\/senoticias.com.br\/se\/policia-civil-prende-investigado-por-golpe-do-pix-contra-empresas-de-propria\/","title":{"rendered":"Pol\u00edcia Civil prende investigado por \u2018golpe do pix\u2019 contra empresas de Propri\u00e1"},"content":{"rendered":"\n<p>A Delegacia Regional de Propri\u00e1 deflagrou uma opera\u00e7\u00e3o que resultou na pris\u00e3o de um homem investigado por fazer parte de uma associa\u00e7\u00e3o criminosa que aplicava golpes do Pix em empresas da cidade. A a\u00e7\u00e3o policial ocorreu no \u00faltimo s\u00e1bado, 12, em Propri\u00e1, e foi divulgada nesta segunda-feira, 14. Na opera\u00e7\u00e3o, itens como bebidas de alto valor e de renomadas marcas foram apreendidas e devolvidas.<\/p>\n\n\n\n<figure class=\"wp-block-image size-large\"><img loading=\"lazy\" decoding=\"async\" width=\"595\" height=\"417\" src=\"https:\/\/senoticias.com.br\/se\/wp-content\/uploads\/2023\/08\/Golpe-do-PIX-SE-Noticias.png\" alt=\"\" class=\"wp-image-138511\" srcset=\"https:\/\/senoticias.com.br\/se\/wp-content\/uploads\/2023\/08\/Golpe-do-PIX-SE-Noticias.png 595w, https:\/\/senoticias.com.br\/se\/wp-content\/uploads\/2023\/08\/Golpe-do-PIX-SE-Noticias-300x210.png 300w\" sizes=\"(max-width: 595px) 100vw, 595px\" \/><\/figure>\n\n\n\n<p>De acordo com as informa\u00e7\u00f5es policiais, as investiga\u00e7\u00f5es foram iniciadas com a comunica\u00e7\u00e3o dos fatos \u00e0 Pol\u00edcia Civil. As empresas que foram v\u00edtimas do golpe forneceram diversos comprovantes fraudulentos de transa\u00e7\u00f5es feitas pelo Pix.<\/p>\n\n\n\n<p>Ainda conforme as informa\u00e7\u00f5es policiais, outros dois integrantes da associa\u00e7\u00e3o criminosa foram identificados, ser\u00e3o indiciados e responder\u00e3o ao processo penal. As investiga\u00e7\u00f5es continuam em andamento.<\/p>\n\n\n\n<p>A opera\u00e7\u00e3o policial foi coordenada pelo delegado Marcos Carvalho, em a\u00e7\u00f5es de For\u00e7a Tarefa da Coordenadoria de Pol\u00edcia Civil, em conjunto com o delegado plantonista Geovan Cir\u00edaco e os agentes de pol\u00edcia.<\/p>\n\n\n\n<p>A Pol\u00edcia Civil solicita que informa\u00e7\u00f5es e den\u00fancias que possam levar \u00e0 localiza\u00e7\u00e3o dos demais envolvidos no crime sejam repassadas \u00e0 pol\u00edcia por meio do Disque-Den\u00fancia, no telefone 181. O sigilo do denunciante \u00e9 garantido.<\/p>\n\n\n\n<p><em><strong>Acompanhe tamb\u00e9m o SE Not\u00edcias no\u00a0<a rel=\"noreferrer noopener\" href=\"https:\/\/twitter.com\/Senoticias\" target=\"_blank\">Twitter<\/a>,\u00a0<a rel=\"noreferrer noopener\" href=\"https:\/\/www.facebook.com\/senoticias1\" target=\"_blank\">Facebook<\/a>\u00a0e no\u00a0<a rel=\"noreferrer noopener\" href=\"https:\/\/www.instagram.com\/senoticias\/\" target=\"_blank\">Instagram<\/a><\/strong><\/em><\/p>\n\n\n\n<p>Fonte: SSP\/SE<\/p>\n","protected":false},"excerpt":{"rendered":"<p>A Delegacia Regional de Propri\u00e1 deflagrou uma opera\u00e7\u00e3o que resultou na pris\u00e3o de um homem investigado por fazer parte de uma associa\u00e7\u00e3o criminosa que aplicava golpes do Pix em empresas da cidade. A a\u00e7\u00e3o policial ocorreu no \u00faltimo s\u00e1bado, 12, em Propri\u00e1, e foi divulgada nesta segunda-feira, 14. Na opera\u00e7\u00e3o, itens como bebidas de alto [&hellip;]<\/p>\n","protected":false},"author":6557,"featured_media":0,"comment_status":"closed","ping_status":"closed","sticky":false,"template":"","format":"standard","meta":{"footnotes":""},"categories":[15,7,1],"tags":[16932,78],"class_list":{"0":"post-138510","1":"post","2":"type-post","3":"status-publish","4":"format-standard","6":"category-destaques","7":"category-policia","8":"category-sem-categoria","9":"tag-golpe-do-pix","10":"tag-policia-civil"},"_links":{"self":[{"href":"https:\/\/senoticias.com.br\/se\/wp-json\/wp\/v2\/posts\/138510"}],"collection":[{"href":"https:\/\/senoticias.com.br\/se\/wp-json\/wp\/v2\/posts"}],"about":[{"href":"https:\/\/senoticias.com.br\/se\/wp-json\/wp\/v2\/types\/post"}],"author":[{"embeddable":true,"href":"https:\/\/senoticias.com.br\/se\/wp-json\/wp\/v2\/users\/6557"}],"replies":[{"embeddable":true,"href":"https:\/\/senoticias.com.br\/se\/wp-json\/wp\/v2\/comments?post=138510"}],"version-history":[{"count":0,"href":"https:\/\/senoticias.com.br\/se\/wp-json\/wp\/v2\/posts\/138510\/revisions"}],"wp:attachment":[{"href":"https:\/\/senoticias.com.br\/se\/wp-json\/wp\/v2\/media?parent=138510"}],"wp:term":[{"taxonomy":"category","embeddable":true,"href":"https:\/\/senoticias.com.br\/se\/wp-json\/wp\/v2\/categories?post=138510"},{"taxonomy":"post_tag","embeddable":true,"href":"https:\/\/senoticias.com.br\/se\/wp-json\/wp\/v2\/tags?post=138510"}],"curies":[{"name":"wp","href":"https:\/\/api.w.org\/{rel}","templated":true}]}}