{"id":138504,"date":"2023-08-13T19:14:55","date_gmt":"2023-08-13T22:14:55","guid":{"rendered":"https:\/\/senoticias.com.br\/se\/?p=138504"},"modified":"2023-08-14T08:29:46","modified_gmt":"2023-08-14T11:29:46","slug":"morre-aos-35-anos-o-ex-vereador-de-aracaju-thiaguinho-batalha","status":"publish","type":"post","link":"https:\/\/senoticias.com.br\/se\/morre-aos-35-anos-o-ex-vereador-de-aracaju-thiaguinho-batalha\/","title":{"rendered":"Sepultamento do corpo do ex-vereador Thiaguinho Batalha ser\u00e1 \u00e0s 11h no Cemit\u00e9rio Colina da Saudade"},"content":{"rendered":"\n<p>Est\u00e1 sendo velado na C\u00e2mara Municipal de Aracaju, nesta segunda-feira (14), o corpo do ex-vereador Thiago Zacarias Batalha de Matos, mais conhecido como Thiaguinho Batalha, que morreu nesse domingo (13), aos 35 anos, em sua resid\u00eancia, no Bairro Treze de Julho, na capital sergipana. A C\u00e2mara Municipal decretou luto oficial de tr\u00eas dias.<\/p>\n\n\n\n<figure class=\"wp-block-image size-large\"><img loading=\"lazy\" decoding=\"async\" width=\"600\" height=\"383\" src=\"https:\/\/senoticias.com.br\/se\/wp-content\/uploads\/2023\/08\/Thiaguinho-Batalha-SE-Noticias.jpg\" alt=\"\" class=\"wp-image-138509\" srcset=\"https:\/\/senoticias.com.br\/se\/wp-content\/uploads\/2023\/08\/Thiaguinho-Batalha-SE-Noticias.jpg 600w, https:\/\/senoticias.com.br\/se\/wp-content\/uploads\/2023\/08\/Thiaguinho-Batalha-SE-Noticias-300x192.jpg 300w, https:\/\/senoticias.com.br\/se\/wp-content\/uploads\/2023\/08\/Thiaguinho-Batalha-SE-Noticias-190x122.jpg 190w, https:\/\/senoticias.com.br\/se\/wp-content\/uploads\/2023\/08\/Thiaguinho-Batalha-SE-Noticias-120x76.jpg 120w, https:\/\/senoticias.com.br\/se\/wp-content\/uploads\/2023\/08\/Thiaguinho-Batalha-SE-Noticias-265x168.jpg 265w, https:\/\/senoticias.com.br\/se\/wp-content\/uploads\/2023\/08\/Thiaguinho-Batalha-SE-Noticias-284x180.jpg 284w, https:\/\/senoticias.com.br\/se\/wp-content\/uploads\/2023\/08\/Thiaguinho-Batalha-SE-Noticias-220x140.jpg 220w\" sizes=\"(max-width: 600px) 100vw, 600px\" \/><figcaption>Ex-vereador Thiaguinho Batalha \u2014 Foto: Gilton Rosas\/CMA<\/figcaption><\/figure>\n\n\n\n<p>O sepultamento acontece \u00e0s 11h no Cemit\u00e9rio Colina da Saudade. Segundo a fam\u00edlia, a causa da morte foi infarto fulminante.<\/p>\n\n\n\n<p>Thiaguinho Batalha foi vereador entre 2017 e 2020. Chegou a ser vice-presidente da casa, presidente da Comiss\u00e3o de finan\u00e7as e l\u00edder da bancada de situa\u00e7\u00e3o. Tamb\u00e9m era ex-conselheiro da Associa\u00e7\u00e3o Desportiva Confian\u00e7a.<\/p>\n\n\n\n<p>Tamb\u00e9m era ex-conselheiro da Associa\u00e7\u00e3o Desportiva Confian\u00e7a. Ele \u00e9 filho do radialista e diretor de Radiodifus\u00e3o da Aperip\u00ea, Carlos Batalha, e deixa esposa.<\/p>\n\n\n\n<p>A \u00faltima postagem de Thiago nas redes sociais foi nesse s\u00e1bado (12), onde escreveu de forma bem humorada: &#8220;Calma s\u00e3o paulinos, n\u00e3o \u00e9 [o jogador de futebol] @jamesrodriguez10. \u00c9 apenas Thiaguinho indo fazer uma caminhada com seu \u201cfilho\u201d no sabad\u00e3o do dia dos pais!&#8221;<\/p>\n\n\n\n<p><em><strong>Acompanhe tamb\u00e9m o SE Not\u00edcias no\u00a0<a rel=\"noreferrer noopener\" href=\"https:\/\/twitter.com\/Senoticias\" target=\"_blank\">Twitter<\/a>,\u00a0<a rel=\"noreferrer noopener\" href=\"https:\/\/www.facebook.com\/senoticias1\" target=\"_blank\">Facebook<\/a>\u00a0e no\u00a0<a rel=\"noreferrer noopener\" href=\"https:\/\/www.instagram.com\/senoticias\/\" target=\"_blank\">Instagram<\/a><\/strong><\/em><\/p>\n\n\n\n<p>Com informa\u00e7\u00f5es do G1SE<\/p>\n","protected":false},"excerpt":{"rendered":"<p>Est\u00e1 sendo velado na C\u00e2mara Municipal de Aracaju, nesta segunda-feira (14), o corpo do ex-vereador Thiago Zacarias Batalha de Matos, mais conhecido como Thiaguinho Batalha, que morreu nesse domingo (13), aos 35 anos, em sua resid\u00eancia, no Bairro Treze de Julho, na capital sergipana. A C\u00e2mara Municipal decretou luto oficial de tr\u00eas dias. O sepultamento [&hellip;]<\/p>\n","protected":false},"author":6557,"featured_media":0,"comment_status":"closed","ping_status":"closed","sticky":false,"template":"","format":"standard","meta":{"footnotes":""},"categories":[15,6,1],"tags":[13764,39703,39702],"class_list":{"0":"post-138504","1":"post","2":"type-post","3":"status-publish","4":"format-standard","6":"category-destaques","7":"category-politica","8":"category-sem-categoria","9":"tag-cemiterio-colina-da-saudade","10":"tag-corpo-do-ex-vereador-thiaguinho","11":"tag-sepultamento-thiaguinho-batalha"},"_links":{"self":[{"href":"https:\/\/senoticias.com.br\/se\/wp-json\/wp\/v2\/posts\/138504"}],"collection":[{"href":"https:\/\/senoticias.com.br\/se\/wp-json\/wp\/v2\/posts"}],"about":[{"href":"https:\/\/senoticias.com.br\/se\/wp-json\/wp\/v2\/types\/post"}],"author":[{"embeddable":true,"href":"https:\/\/senoticias.com.br\/se\/wp-json\/wp\/v2\/users\/6557"}],"replies":[{"embeddable":true,"href":"https:\/\/senoticias.com.br\/se\/wp-json\/wp\/v2\/comments?post=138504"}],"version-history":[{"count":0,"href":"https:\/\/senoticias.com.br\/se\/wp-json\/wp\/v2\/posts\/138504\/revisions"}],"wp:attachment":[{"href":"https:\/\/senoticias.com.br\/se\/wp-json\/wp\/v2\/media?parent=138504"}],"wp:term":[{"taxonomy":"category","embeddable":true,"href":"https:\/\/senoticias.com.br\/se\/wp-json\/wp\/v2\/categories?post=138504"},{"taxonomy":"post_tag","embeddable":true,"href":"https:\/\/senoticias.com.br\/se\/wp-json\/wp\/v2\/tags?post=138504"}],"curies":[{"name":"wp","href":"https:\/\/api.w.org\/{rel}","templated":true}]}}