{"id":138492,"date":"2023-08-11T16:23:48","date_gmt":"2023-08-11T19:23:48","guid":{"rendered":"https:\/\/senoticias.com.br\/se\/?p=138492"},"modified":"2023-08-11T16:44:31","modified_gmt":"2023-08-11T19:44:31","slug":"cinco-quilos-de-drogas-tipo-skank-sao-apreendidos-em-residencia-na-zona-norte-de-aracaju","status":"publish","type":"post","link":"https:\/\/senoticias.com.br\/se\/cinco-quilos-de-drogas-tipo-skank-sao-apreendidos-em-residencia-na-zona-norte-de-aracaju\/","title":{"rendered":"Cinco quilos de drogas tipo \u201cskank\u201d s\u00e3o apreendidos em resid\u00eancia na zona norte de Aracaju"},"content":{"rendered":"\n<p>A Pol\u00edcia Civil, por meio do Departamento de Investiga\u00e7\u00e3o de Narc\u00f3ticos (Denarc), apreendeu na manh\u00e3 dessa quinta-feira, 10, cinco quilos de uma subst\u00e2ncia an\u00e1loga \u00e0 maconha do tipo \u201cskank\u201d, em uma resid\u00eancia localizada no bairro Santo Ant\u00f4nio, em Aracaju.<\/p>\n\n\n\n<figure class=\"wp-block-image size-large\"><img loading=\"lazy\" decoding=\"async\" width=\"1024\" height=\"768\" src=\"https:\/\/senoticias.com.br\/se\/wp-content\/uploads\/2022\/12\/denarc-senoticias-1024x768.jpeg\" alt=\"\" class=\"wp-image-135008\"\/><figcaption>A\u00e7\u00e3o ocorreu nessa quinta-feira, 10. Entorpecente foi localizado em uma resid\u00eancia no Bairro Santo Ant\u00f4nio &#8211; Foto: arquivo\/SSP\/SE<\/figcaption><\/figure>\n\n\n\n<p><br>De acordo com os agentes, a a\u00e7\u00e3o ocorreu ap\u00f3s as investiga\u00e7\u00f5es apontarem que um im\u00f3vel, situado na Avenida Lauro de Britto Porto, no referido bairro, estaria sendo utilizado como ponto de armazenamento e venda de drogas, e, ap\u00f3s levantamentos, foi poss\u00edvel visualizar movimenta\u00e7\u00e3o suspeita no referido endere\u00e7o.<\/p>\n\n\n\n<p><br>Ap\u00f3s vigil\u00e2ncia no local, foi identificado um homem em atividade suspeita. Em virtude dessa movimenta\u00e7\u00e3o, a equipe policial realizou a aproxima\u00e7\u00e3o, por\u00e9m, ao perceber a presen\u00e7a dos policiais, o suspeito empreendeu fuga e tomou destino desconhecido. J\u00e1 no&nbsp;interior do im\u00f3vel, foram apreendidos aproximadamente cinco quilos de subst\u00e2ncia vegetal assimilada \u00e0 \u201cskank\u201d e duas balan\u00e7as de precis\u00e3o.<br>&nbsp;<\/p>\n\n\n\n<p>Os materiais foram levados para o Denarc, onde as investiga\u00e7\u00f5es continuar\u00e3o a fim de que sejam identificados os envolvidos.<\/p>\n\n\n\n<p><br>A Pol\u00edcia Civil solicita que informa\u00e7\u00f5es e den\u00fancias sobre crimes e suspeitos de a\u00e7\u00f5es criminosas sejam repassadas ao Disque-Den\u00fancia (181). Vale ressaltar que o sigilo \u00e9 garantido.<\/p>\n\n\n\n<p><em><strong>Acompanhe tamb\u00e9m o SE Not\u00edcias no\u00a0<a rel=\"noreferrer noopener\" href=\"https:\/\/twitter.com\/Senoticias\" target=\"_blank\">Twitter<\/a>,\u00a0<a rel=\"noreferrer noopener\" href=\"https:\/\/www.facebook.com\/senoticias1\" target=\"_blank\">Facebook<\/a>\u00a0e no\u00a0<a rel=\"noreferrer noopener\" href=\"https:\/\/www.instagram.com\/senoticias\/\" target=\"_blank\">Instagram<\/a><\/strong><\/em><\/p>\n\n\n\n<p>Fonte: SSP\/SE<\/p>\n","protected":false},"excerpt":{"rendered":"<p>A Pol\u00edcia Civil, por meio do Departamento de Investiga\u00e7\u00e3o de Narc\u00f3ticos (Denarc), apreendeu na manh\u00e3 dessa quinta-feira, 10, cinco quilos de uma subst\u00e2ncia an\u00e1loga \u00e0 maconha do tipo \u201cskank\u201d, em uma resid\u00eancia localizada no bairro Santo Ant\u00f4nio, em Aracaju. De acordo com os agentes, a a\u00e7\u00e3o ocorreu ap\u00f3s as investiga\u00e7\u00f5es apontarem que um im\u00f3vel, situado [&hellip;]<\/p>\n","protected":false},"author":6557,"featured_media":0,"comment_status":"closed","ping_status":"closed","sticky":false,"template":"","format":"standard","meta":{"footnotes":""},"categories":[15,7],"tags":[39694,76,13370],"class_list":{"0":"post-138492","1":"post","2":"type-post","3":"status-publish","4":"format-standard","6":"category-destaques","7":"category-policia","8":"tag-cinco-quilos-de-drogas","9":"tag-denarc","10":"tag-skank"},"_links":{"self":[{"href":"https:\/\/senoticias.com.br\/se\/wp-json\/wp\/v2\/posts\/138492"}],"collection":[{"href":"https:\/\/senoticias.com.br\/se\/wp-json\/wp\/v2\/posts"}],"about":[{"href":"https:\/\/senoticias.com.br\/se\/wp-json\/wp\/v2\/types\/post"}],"author":[{"embeddable":true,"href":"https:\/\/senoticias.com.br\/se\/wp-json\/wp\/v2\/users\/6557"}],"replies":[{"embeddable":true,"href":"https:\/\/senoticias.com.br\/se\/wp-json\/wp\/v2\/comments?post=138492"}],"version-history":[{"count":0,"href":"https:\/\/senoticias.com.br\/se\/wp-json\/wp\/v2\/posts\/138492\/revisions"}],"wp:attachment":[{"href":"https:\/\/senoticias.com.br\/se\/wp-json\/wp\/v2\/media?parent=138492"}],"wp:term":[{"taxonomy":"category","embeddable":true,"href":"https:\/\/senoticias.com.br\/se\/wp-json\/wp\/v2\/categories?post=138492"},{"taxonomy":"post_tag","embeddable":true,"href":"https:\/\/senoticias.com.br\/se\/wp-json\/wp\/v2\/tags?post=138492"}],"curies":[{"name":"wp","href":"https:\/\/api.w.org\/{rel}","templated":true}]}}