{"id":138424,"date":"2023-08-08T16:10:26","date_gmt":"2023-08-08T19:10:26","guid":{"rendered":"https:\/\/senoticias.com.br\/se\/?p=138424"},"modified":"2023-08-08T20:34:22","modified_gmt":"2023-08-08T23:34:22","slug":"laranjeiras-prefeitura-e-senac-firmam-parceria-para-a-implantacao-de-um-restaurante-escola-e-tracam-estrategias-para-o-desenvolvimento-do-tursimo","status":"publish","type":"post","link":"https:\/\/senoticias.com.br\/se\/laranjeiras-prefeitura-e-senac-firmam-parceria-para-a-implantacao-de-um-restaurante-escola-e-tracam-estrategias-para-o-desenvolvimento-do-tursimo\/","title":{"rendered":"Laranjeiras: Prefeitura e SENAC firmam parceria para a implanta\u00e7\u00e3o de um restaurante-escola e tra\u00e7am estrat\u00e9gias para o desenvolvimento do Tursimo"},"content":{"rendered":"\n<p>O prefeito de Laranjeiras, Jos\u00e9 de Ara\u00fajo Leite Neto (Juca) assinou na manh\u00e3 desta ter\u00e7a-feira, 8, termo de coopera\u00e7\u00e3o com o SENAC\/Fecom\u00e9rcio para a implanta\u00e7\u00e3o de um restaurante-escola no munic\u00edpio, que ser\u00e1 um espa\u00e7o de aprendizado pr\u00e1tico, onde os alunos poder\u00e3o desenvolver suas habilidades e conhecimentos, sob a supervis\u00e3o de instrutores qualificados. Essa iniciativa contribuir\u00e1 para a forma\u00e7\u00e3o de profissionais capacitados.<\/p>\n\n\n\n<figure class=\"wp-block-image size-large\"><img loading=\"lazy\" decoding=\"async\" width=\"599\" height=\"449\" src=\"https:\/\/senoticias.com.br\/se\/wp-content\/uploads\/2023\/08\/WhatsApp-Image-2023-08-08-at-16.02.39-e1691521680727.jpeg\" alt=\"\" class=\"wp-image-138425\"\/><figcaption>A expectativa \u00e9 que em janeiro, o restaurante-escola do SENAC esteja em pleno funcionamento na cidade\u201d, disse o prefeito Juca &#8211; ascom\/Laranjeiras<\/figcaption><\/figure>\n\n\n\n<p>Tamb\u00e9m est\u00e1 em andamento a parceria entre a Prefeitura e a institui\u00e7\u00e3o para a realiza\u00e7\u00e3o de cursos profissionalizantes de Gar\u00e7om, Informa\u00e7\u00f5es Tur\u00edsticas e T\u00e9cnico em Guia de Turismo. As inscri\u00e7\u00f5es j\u00e1 est\u00e3o sendo realizadas e as aulas devem iniciar ainda este m\u00eas.<\/p>\n\n\n\n<p>Outro aspecto importante dessa parceria \u00e9 o foco no desenvolvimento do turismo local, atrav\u00e9s do programa Vai Turismo, que envolve a Fecom\u00e9rcio, a Prefeitura de Laranjeiras e a fazenda Boa Luz. Juntos, o objetivo \u00e9 promover o crescimento do setor e a valoriza\u00e7\u00e3o dos atrativos tur\u00edsticos da regi\u00e3o.<\/p>\n\n\n\n<p>\u201cA nossa pretens\u00e3o com a consolida\u00e7\u00e3o das parcerias \u00e9 um importante passo para impulsionar o turismo e a forma\u00e7\u00e3o profissional na cidade. A iniciativa visa fortalecer a economia local, gerar empregos e qualificar os moradores, proporcionando mais oportunidades de trabalho e desenvolvimento. A expectativa \u00e9 que em janeiro, o restaurante-escola do SENAC esteja em pleno funcionamento na cidade\u201d, disse o prefeito Juca.<\/p>\n\n\n\n<p>O gestor municipal acrescentou ainda que vem buscando todas as alternativas para levar mais capacita\u00e7\u00e3o profissional, desenvolvimento, gerar mais emprego e renda. \u201cN\u00e3o medimos esfor\u00e7os para beneficiar o nosso povo. Buscamos com frequ\u00eancia promover cursos profissionalizantes, oficinas de inclus\u00e3o produtiva, capacita\u00e7\u00e3o profissional e tudo aquilo que venha trazer mais gera\u00e7\u00e3o de emprego e renda para os laranjeirenses. Por isso, essa parceria com o SENAC\/Fecom\u00e9rcio \u00e9 de fundamental import\u00e2ncia, ressaltou o prefeito.<\/p>\n\n\n\n<p>O presidente sistema Fecom\u00e9rcio\/SE, Marcos Andrade tamb\u00e9m destacou a parceria entre a Prefeitura e a institui\u00e7\u00e3o. \u201cO prefeito Juca sempre se mostrou preocupado com os laranjeirenses e tenho certeza que esta parceria com o SENAC ser\u00e1 importante. Foi uma decis\u00e3o acertada do prefeito. A institui\u00e7\u00e3o \u00e9 maior no setor de cursos profissionalizantes e vai levar mais capacita\u00e7\u00e3o e desenvolvimento aos laranjeirenses\u201d, afirmou Andrade.<\/p>\n\n\n\n<p>Al\u00e9m do presidente da Fecom\u00e9rcio, tamb\u00e9m participaram da reuni\u00e3o, o diretor adjunto do SENAC, Manuel Leal, o diretor de Educa\u00e7\u00e3o Profissional, Adalberto Trindade e o conselheiro da Fecom\u00e9rcio, Renato Alves.<\/p>\n\n\n\n<p><em><strong>Acompanhe tamb\u00e9m o SE Not\u00edcias no&nbsp;<a rel=\"noreferrer noopener\" href=\"https:\/\/twitter.com\/Senoticias\" target=\"_blank\">Twitter<\/a>,&nbsp;<a rel=\"noreferrer noopener\" href=\"https:\/\/www.facebook.com\/senoticias1\" target=\"_blank\">Facebook<\/a>&nbsp;e no&nbsp;<a rel=\"noreferrer noopener\" href=\"https:\/\/www.instagram.com\/senoticias\/\" target=\"_blank\">Instagram<\/a><\/strong><\/em><\/p>\n\n\n\n<p>Fonte: Midiando Comunica\u00e7\u00e3o ASCOM PML\/ASCOM Laranjeiras<\/p>\n","protected":false},"excerpt":{"rendered":"<p>O prefeito de Laranjeiras, Jos\u00e9 de Ara\u00fajo Leite Neto (Juca) assinou na manh\u00e3 desta ter\u00e7a-feira, 8, termo de coopera\u00e7\u00e3o com o SENAC\/Fecom\u00e9rcio para a implanta\u00e7\u00e3o de um restaurante-escola no munic\u00edpio, que ser\u00e1 um espa\u00e7o de aprendizado pr\u00e1tico, onde os alunos poder\u00e3o desenvolver suas habilidades e conhecimentos, sob a supervis\u00e3o de instrutores qualificados. Essa iniciativa contribuir\u00e1 [&hellip;]<\/p>\n","protected":false},"author":6557,"featured_media":0,"comment_status":"closed","ping_status":"closed","sticky":false,"template":"","format":"standard","meta":{"footnotes":""},"categories":[15,38],"tags":[3327,3021,3705],"class_list":{"0":"post-138424","1":"post","2":"type-post","3":"status-publish","4":"format-standard","6":"category-destaques","7":"category-municipios","8":"tag-prefeitura-de-laranjeiras","9":"tag-senac","10":"tag-turismo"},"_links":{"self":[{"href":"https:\/\/senoticias.com.br\/se\/wp-json\/wp\/v2\/posts\/138424"}],"collection":[{"href":"https:\/\/senoticias.com.br\/se\/wp-json\/wp\/v2\/posts"}],"about":[{"href":"https:\/\/senoticias.com.br\/se\/wp-json\/wp\/v2\/types\/post"}],"author":[{"embeddable":true,"href":"https:\/\/senoticias.com.br\/se\/wp-json\/wp\/v2\/users\/6557"}],"replies":[{"embeddable":true,"href":"https:\/\/senoticias.com.br\/se\/wp-json\/wp\/v2\/comments?post=138424"}],"version-history":[{"count":0,"href":"https:\/\/senoticias.com.br\/se\/wp-json\/wp\/v2\/posts\/138424\/revisions"}],"wp:attachment":[{"href":"https:\/\/senoticias.com.br\/se\/wp-json\/wp\/v2\/media?parent=138424"}],"wp:term":[{"taxonomy":"category","embeddable":true,"href":"https:\/\/senoticias.com.br\/se\/wp-json\/wp\/v2\/categories?post=138424"},{"taxonomy":"post_tag","embeddable":true,"href":"https:\/\/senoticias.com.br\/se\/wp-json\/wp\/v2\/tags?post=138424"}],"curies":[{"name":"wp","href":"https:\/\/api.w.org\/{rel}","templated":true}]}}