{"id":138394,"date":"2023-08-07T14:03:38","date_gmt":"2023-08-07T17:03:38","guid":{"rendered":"https:\/\/senoticias.com.br\/se\/?p=138394"},"modified":"2023-08-07T14:12:10","modified_gmt":"2023-08-07T17:12:10","slug":"ze-vaqueiro-divulga-video-nas-redes-sociais-e-atualiza-estado-de-saude-do-filho","status":"publish","type":"post","link":"https:\/\/senoticias.com.br\/se\/ze-vaqueiro-divulga-video-nas-redes-sociais-e-atualiza-estado-de-saude-do-filho\/","title":{"rendered":"Z\u00e9 Vaqueiro divulga v\u00eddeo nas redes sociais e atualiza estado de sa\u00fade do filho"},"content":{"rendered":"\n<p>Z\u00e9 Vaqueiro voltou \u00e0s redes sociais para atualizar informa\u00e7\u00f5es sobre o estado de sa\u00fade do filho ca\u00e7ula, Arthur. O menino nasceu no \u00faltimo dia 24 com uma m\u00e1-forma\u00e7\u00e3o cong\u00eanita, decorrente da s\u00edndrome da trissomia do cromossomo 13. O cantor contou que o beb\u00ea segue internado na UTI e apresenta um quadro est\u00e1vel, mas ressaltou que o rec\u00e9m-nascido enfrenta uma condi\u00e7\u00e3o delicada e rara.<\/p>\n\n\n\n<figure class=\"wp-block-image size-large\"><img loading=\"lazy\" decoding=\"async\" width=\"688\" height=\"1024\" src=\"https:\/\/senoticias.com.br\/se\/wp-content\/uploads\/2023\/08\/WhatsApp-Image-2023-08-07-at-14.07.27-688x1024.jpeg\" alt=\"\" class=\"wp-image-138395\"\/><figcaption>Arthur, do casamento do cantor com Ingra Soares, nasceu no \u00faltimo dia 4 com uma m\u00e1-forma\u00e7\u00e3o cong\u00eanita.<\/figcaption><\/figure>\n\n\n\n<p>Desde o dia que ele nasceu, a gente est\u00e1 indo l\u00e1 visitar ele, dando amor. O quadro dele de sa\u00fade est\u00e1 est\u00e1vel, mesmo que a s\u00edndrome seja bem delicada, \u00e9 uma s\u00edndrome rara, mas o quadro dele est\u00e1 est\u00e1vel na UTI&#8221;, contou Z\u00e9.<\/p>\n\n\n\n<p>O cantor tamb\u00e9m agradeceu aos f\u00e3s por todo carinho e apoio que ele e a fam\u00edlia tem recebido nesse momento. Por fim, ele explicou que est\u00e1 distante da vida p\u00fablica, pois est\u00e1 focado em dar apoio para os familiares e no tratamento do filho.<\/p>\n\n\n\n<p>&#8220;Estou um pouco sumido, mas creio que esse momento pedia que eu estivesse perto da minha fam\u00edlia, estar comprometido e me dedicando para dar for\u00e7a e apoio. Como pai, como marido, tamb\u00e9m tenho essa responsabilidade&#8221;, disse.<\/p>\n\n\n\n<p>Al\u00e9m de Arthur, Z\u00e9 Vaqueiro e a mulher, Ingra Soares, j\u00e1 s\u00e3o pais de Daniel, de 3 anos e Nicole, de 13, fruto do antigo relacionamento da influenciadora, que o artista considera como filha.<\/p>\n\n\n\n<p><em><strong>Acompanhe tamb\u00e9m o SE Not\u00edcias no&nbsp;<a rel=\"noreferrer noopener\" href=\"https:\/\/twitter.com\/Senoticias\" target=\"_blank\">Twitter<\/a>,&nbsp;<a rel=\"noreferrer noopener\" href=\"https:\/\/www.facebook.com\/senoticias1\" target=\"_blank\">Facebook<\/a>&nbsp;e no&nbsp;<a rel=\"noreferrer noopener\" href=\"https:\/\/www.instagram.com\/senoticias\/\" target=\"_blank\">Instagram<\/a><\/strong><\/em><\/p>\n\n\n\n<p>Fonte: A8 SE<\/p>\n","protected":false},"excerpt":{"rendered":"<p>Z\u00e9 Vaqueiro voltou \u00e0s redes sociais para atualizar informa\u00e7\u00f5es sobre o estado de sa\u00fade do filho ca\u00e7ula, Arthur. O menino nasceu no \u00faltimo dia 24 com uma m\u00e1-forma\u00e7\u00e3o cong\u00eanita, decorrente da s\u00edndrome da trissomia do cromossomo 13. O cantor contou que o beb\u00ea segue internado na UTI e apresenta um quadro est\u00e1vel, mas ressaltou que [&hellip;]<\/p>\n","protected":false},"author":6557,"featured_media":0,"comment_status":"closed","ping_status":"closed","sticky":false,"template":"","format":"standard","meta":{"footnotes":""},"categories":[15,2961],"tags":[39629,39630,39205],"class_list":{"0":"post-138394","1":"post","2":"type-post","3":"status-publish","4":"format-standard","6":"category-destaques","7":"category-nacional","8":"tag-arthur-filho-de-ze-vaqueiro","9":"tag-ma-formacao-congenita","10":"tag-ze-vaqueiro"},"_links":{"self":[{"href":"https:\/\/senoticias.com.br\/se\/wp-json\/wp\/v2\/posts\/138394"}],"collection":[{"href":"https:\/\/senoticias.com.br\/se\/wp-json\/wp\/v2\/posts"}],"about":[{"href":"https:\/\/senoticias.com.br\/se\/wp-json\/wp\/v2\/types\/post"}],"author":[{"embeddable":true,"href":"https:\/\/senoticias.com.br\/se\/wp-json\/wp\/v2\/users\/6557"}],"replies":[{"embeddable":true,"href":"https:\/\/senoticias.com.br\/se\/wp-json\/wp\/v2\/comments?post=138394"}],"version-history":[{"count":0,"href":"https:\/\/senoticias.com.br\/se\/wp-json\/wp\/v2\/posts\/138394\/revisions"}],"wp:attachment":[{"href":"https:\/\/senoticias.com.br\/se\/wp-json\/wp\/v2\/media?parent=138394"}],"wp:term":[{"taxonomy":"category","embeddable":true,"href":"https:\/\/senoticias.com.br\/se\/wp-json\/wp\/v2\/categories?post=138394"},{"taxonomy":"post_tag","embeddable":true,"href":"https:\/\/senoticias.com.br\/se\/wp-json\/wp\/v2\/tags?post=138394"}],"curies":[{"name":"wp","href":"https:\/\/api.w.org\/{rel}","templated":true}]}}