{"id":138384,"date":"2023-08-05T07:18:47","date_gmt":"2023-08-05T10:18:47","guid":{"rendered":"https:\/\/senoticias.com.br\/se\/?p=138384"},"modified":"2023-08-05T07:19:00","modified_gmt":"2023-08-05T10:19:00","slug":"previsao-indica-fim-de-semana-de-chuvas-fracas-e-isoladas-em-sergipe","status":"publish","type":"post","link":"https:\/\/senoticias.com.br\/se\/previsao-indica-fim-de-semana-de-chuvas-fracas-e-isoladas-em-sergipe\/","title":{"rendered":"Previs\u00e3o indica fim de semana de chuvas fracas e isoladas em Sergipe"},"content":{"rendered":"\n<p>As chuvas de intensidade fraca e leve podem continuar de forma isolada nos territ\u00f3rios sergipanos. Conforme antecipado no in\u00edcio da semana pela Ger\u00eancia de Meteorologia e Mudan\u00e7as Clim\u00e1ticas da Secretaria de Estado do Meio Ambiente (Semac), o acumulado previsto para esta semana, cujo ciclo iniciou no dia 30 de julho, segue em vig\u00eancia at\u00e9 este domingo, 6. No sul sergipano, as precipita\u00e7\u00f5es podem atingir 40 mil\u00edmetros. Na grande Aracaju, leste sergipano e baixo S\u00e3o Francisco, s\u00e3o esperados 30 mm, enquanto no agreste, 25 mm, e no sert\u00e3o, 10 mm.<\/p>\n\n\n\n<p>A previs\u00e3o para o s\u00e1bado, 5, tamb\u00e9m \u00e9 de chuvas fracas nas tr\u00eas regi\u00f5es clim\u00e1ticas do estado. Ventos fracos v\u00e3o persistir durante todo o dia no litoral. J\u00e1 no agreste e sert\u00e3o, a intensidade dos ventos varia entre fraco e moderado. M\u00ednimas e m\u00e1ximas ficar\u00e3o entre 20.6\u00b0C e 27.8\u00b0C (litoral); 17.7\u00b0C e 28.5\u00b0C (agreste); e 18.9\u00b0C e m\u00e1xima de 28.8\u00b0C.<\/p>\n\n\n\n<figure class=\"wp-block-image size-large\"><img loading=\"lazy\" decoding=\"async\" width=\"599\" height=\"400\" src=\"https:\/\/senoticias.com.br\/se\/wp-content\/uploads\/2023\/03\/Chuvas-leves-arquivo-ASN.jpg\" alt=\"\" class=\"wp-image-136421\" srcset=\"https:\/\/senoticias.com.br\/se\/wp-content\/uploads\/2023\/03\/Chuvas-leves-arquivo-ASN.jpg 599w, https:\/\/senoticias.com.br\/se\/wp-content\/uploads\/2023\/03\/Chuvas-leves-arquivo-ASN-300x200.jpg 300w, https:\/\/senoticias.com.br\/se\/wp-content\/uploads\/2023\/03\/Chuvas-leves-arquivo-ASN-90x60.jpg 90w, https:\/\/senoticias.com.br\/se\/wp-content\/uploads\/2023\/03\/Chuvas-leves-arquivo-ASN-180x120.jpg 180w, https:\/\/senoticias.com.br\/se\/wp-content\/uploads\/2023\/03\/Chuvas-leves-arquivo-ASN-95x64.jpg 95w\" sizes=\"(max-width: 599px) 100vw, 599px\" \/><figcaption>Na grande Aracaju s\u00e3o esperados 30 mm &#8211; Foto: arquivo\/ASN<\/figcaption><\/figure>\n\n\n\n<p>No domingo, 6, espera-se c\u00e9u encoberto na maior parte do dia, com temperaturas entre 23.1\u00b0C e 28.2\u00b0C (litoral); 20.1\u00b0C e 28.5\u00b0C (agreste); e o 22,0\u00b0C e 29.3\u00b0C (sert\u00e3o).<\/p>\n\n\n\n<p>Vale lembrar que as chuvas ocorrem devido a perturba\u00e7\u00f5es oce\u00e2nicas que est\u00e3o se deslocando para o estado de Sergipe. \u201cEspera-se para agosto chuvas variando de normal a abaixo da m\u00e9dia climatol\u00f3gica, visto que o per\u00edodo chuvoso est\u00e1 chegando ao fim\u201d, declarou a meteorologista da Semac, Wanda Tathyana de Castro.<\/p>\n\n\n\n<p><em><strong>Acompanhe tamb\u00e9m o SE Not\u00edcias no\u00a0<a rel=\"noreferrer noopener\" href=\"https:\/\/twitter.com\/Senoticias\" target=\"_blank\">Twitter<\/a>,\u00a0<a rel=\"noreferrer noopener\" href=\"https:\/\/www.facebook.com\/senoticias1\" target=\"_blank\">Facebook<\/a>\u00a0e no\u00a0<a rel=\"noreferrer noopener\" href=\"https:\/\/www.instagram.com\/senoticias\/\" target=\"_blank\">Instagram<\/a><\/strong><\/em><\/p>\n\n\n\n<p>Fonte: Governo de Sergipe<\/p>\n","protected":false},"excerpt":{"rendered":"<p>As chuvas de intensidade fraca e leve podem continuar de forma isolada nos territ\u00f3rios sergipanos. Conforme antecipado no in\u00edcio da semana pela Ger\u00eancia de Meteorologia e Mudan\u00e7as Clim\u00e1ticas da Secretaria de Estado do Meio Ambiente (Semac), o acumulado previsto para esta semana, cujo ciclo iniciou no dia 30 de julho, segue em vig\u00eancia at\u00e9 este [&hellip;]<\/p>\n","protected":false},"author":6557,"featured_media":0,"comment_status":"closed","ping_status":"closed","sticky":false,"template":"","format":"standard","meta":{"footnotes":""},"categories":[15,6],"tags":[39375,4240,11416,39620,15406],"class_list":{"0":"post-138384","1":"post","2":"type-post","3":"status-publish","4":"format-standard","6":"category-destaques","7":"category-politica","8":"tag-chuvas-fracas","9":"tag-inverno","10":"tag-mudancas-climaticas","11":"tag-previsao-2","12":"tag-previsao-do-tempo"},"_links":{"self":[{"href":"https:\/\/senoticias.com.br\/se\/wp-json\/wp\/v2\/posts\/138384"}],"collection":[{"href":"https:\/\/senoticias.com.br\/se\/wp-json\/wp\/v2\/posts"}],"about":[{"href":"https:\/\/senoticias.com.br\/se\/wp-json\/wp\/v2\/types\/post"}],"author":[{"embeddable":true,"href":"https:\/\/senoticias.com.br\/se\/wp-json\/wp\/v2\/users\/6557"}],"replies":[{"embeddable":true,"href":"https:\/\/senoticias.com.br\/se\/wp-json\/wp\/v2\/comments?post=138384"}],"version-history":[{"count":0,"href":"https:\/\/senoticias.com.br\/se\/wp-json\/wp\/v2\/posts\/138384\/revisions"}],"wp:attachment":[{"href":"https:\/\/senoticias.com.br\/se\/wp-json\/wp\/v2\/media?parent=138384"}],"wp:term":[{"taxonomy":"category","embeddable":true,"href":"https:\/\/senoticias.com.br\/se\/wp-json\/wp\/v2\/categories?post=138384"},{"taxonomy":"post_tag","embeddable":true,"href":"https:\/\/senoticias.com.br\/se\/wp-json\/wp\/v2\/tags?post=138384"}],"curies":[{"name":"wp","href":"https:\/\/api.w.org\/{rel}","templated":true}]}}