{"id":138337,"date":"2023-08-02T16:54:56","date_gmt":"2023-08-02T19:54:56","guid":{"rendered":"https:\/\/senoticias.com.br\/se\/?p=138337"},"modified":"2023-08-02T16:55:27","modified_gmt":"2023-08-02T19:55:27","slug":"maior-festival-de-churrasco-do-brasil-chega-a-aracaju","status":"publish","type":"post","link":"https:\/\/senoticias.com.br\/se\/maior-festival-de-churrasco-do-brasil-chega-a-aracaju\/","title":{"rendered":"Maior festival de churrasco do Brasil chega a Aracaju"},"content":{"rendered":"\n<p>Integrando a programa\u00e7\u00e3o em homenagem aos pais, o Shopping Jardins traz, mais uma vez, o festival Carnivoria para a capital sergipana e convida toda a fam\u00edlia a viver momentos de muita alegria em torno da comida boa feita na brasa, do melhor do rock e da divers\u00e3o para a garotada. Umas das novidades desta terceira edi\u00e7\u00e3o em Aracaju \u00e9 que o evento ser\u00e1 realizado em dois finais de semana e, aos s\u00e1bados, acontecer\u00e3o aulas-show gratuitas com renomados chefs. O Carnivoria <strong>ser\u00e1 iniciado neste s\u00e1bado, 5 de agosto, ao meio-dia<\/strong>, sendo realizado tamb\u00e9m no domingo, 6 de agosto, e nos dias 12 e 13 de agosto na \u00e1rea externa, pr\u00f3ximo \u00e0 Portaria C (acesso a Pra\u00e7a de Alimenta\u00e7\u00e3o Arcos). O acesso ser\u00e1 gratuito.<\/p>\n\n\n\n<figure class=\"wp-block-image size-large\"><img loading=\"lazy\" decoding=\"async\" width=\"598\" height=\"401\" src=\"https:\/\/senoticias.com.br\/se\/wp-content\/uploads\/2023\/08\/Festival-de-Churrasco-SE-Noticias.jpg\" alt=\"\" class=\"wp-image-138338\" srcset=\"https:\/\/senoticias.com.br\/se\/wp-content\/uploads\/2023\/08\/Festival-de-Churrasco-SE-Noticias.jpg 598w, https:\/\/senoticias.com.br\/se\/wp-content\/uploads\/2023\/08\/Festival-de-Churrasco-SE-Noticias-300x201.jpg 300w, https:\/\/senoticias.com.br\/se\/wp-content\/uploads\/2023\/08\/Festival-de-Churrasco-SE-Noticias-90x60.jpg 90w, https:\/\/senoticias.com.br\/se\/wp-content\/uploads\/2023\/08\/Festival-de-Churrasco-SE-Noticias-180x120.jpg 180w, https:\/\/senoticias.com.br\/se\/wp-content\/uploads\/2023\/08\/Festival-de-Churrasco-SE-Noticias-95x64.jpg 95w\" sizes=\"(max-width: 598px) 100vw, 598px\" \/><figcaption>Terceira edi\u00e7\u00e3o do Carnivoria acontece nos dias 5, 6, 12 e 13 de agosto, no estacionamento do Shopping Jardins &#8211; Foto: ascom\/Lotti Caldas<\/figcaption><\/figure>\n\n\n\n<p>Das <strong>12h \u00e0s 22h<\/strong>, superchefs assadores estar\u00e3o reunidos no Shopping Jardins para proporcionarem uma experi\u00eancia singular \u00e0s fam\u00edlias. Esta\u00e7\u00f5es com cortes especiais, cervejas artesanais, espa\u00e7o kids e shows ao vivo integram as atra\u00e7\u00f5es do evento que brindar\u00e1 o p\u00fablico com o melhor do churrasco mundial.<\/p>\n\n\n\n<p>Durante o festival, o p\u00fablico ter\u00e1 a oportunidade de saborear costela de ch\u00e3o preparada pelo chef Andr\u00e9 MPC; cupim feito no varal por Nando Grill; carne de sol do Joco; porchetta do Big Nery; salm\u00e3o pranchado da chef Nanda; bife ancho da chef Natasha; burguer da Minah; texas brisket do chef Leonidas; costelinha BBQ do chef Thiago; lingui\u00e7a e choripan de Milena Nascimento; legumes e p\u00e3o de alho assados por Philippe Bahia e arroz carreteiro de Gil Aubert.<\/p>\n\n\n\n<p><strong>Shows<\/strong><\/p>\n\n\n\n<p>Neste s\u00e1bado, 5 de agosto, a partir das 15 horas, Tadeu Rango comandar\u00e1 a primeira aula-show gratuita. O chef assador \u00e9 uma refer\u00eancia nacional em hamb\u00farguer, BBQ americano e carnes. J\u00e1 no dia 12 de agosto, ser\u00e1 a vez de J\u00falia Carvalho compartilhar dicas e t\u00e9cnicas com o p\u00fablico. J\u00falia \u00e9 a \u00fanica mulher na equipe brasileira de competi\u00e7\u00e3o internacional de BBQ.<\/p>\n\n\n\n<p>Do cl\u00e1ssico ao metal, passando pelo pop, grunge, hard e indie, o rock n\u00b4roll dar\u00e1 o tom do festival e ser\u00e1 interpretado ao vivo por bandas e artistas de destaque da cena musical sergipana. Confira a line-up do Carnivoria 2023:<\/p>\n\n\n\n<p><strong>S\u00e1bado, 5 de agosto<\/strong><br>13h \u2013 Banda Concord<br>15h15 \u2013 Aula-show com Tadeu Rango<br>16h \u2013 Black Pig + Seasons<br>19h \u2013 Banda Loop<\/p>\n\n\n\n<p><strong>Domingo, 6 de agosto<\/strong><br>13h \u2013 Valvulados<br>16h \u2013 T\u00e9ssera<br>19h \u2013 Guns N\u2019 Roses Cover<\/p>\n\n\n\n<p><strong>S\u00e1bado, 12 de agosto<\/strong><br>13h \u2013 Banda R\u00e1dio Pirata<br>15h15 \u2013 Aula-show com a chef J\u00falia Carvalho<br>16h \u2013 Rock 79<br>19h \u2013 Banda Mr. Skull<\/p>\n\n\n\n<p><strong>Domingo, 13 de agosto<\/strong><br>13h \u2013 Superhits<br>16h \u2013 Sharkattack<br>19h \u2013 Newrox<\/p>\n\n\n\n<p><em><strong>Acompanhe tamb\u00e9m o SE Not\u00edcias no\u00a0<a rel=\"noreferrer noopener\" href=\"https:\/\/twitter.com\/Senoticias\" target=\"_blank\">Twitter<\/a>,\u00a0<a rel=\"noreferrer noopener\" href=\"https:\/\/www.facebook.com\/senoticias1\" target=\"_blank\">Facebook<\/a>\u00a0e no\u00a0<a rel=\"noreferrer noopener\" href=\"https:\/\/www.instagram.com\/senoticias\/\" target=\"_blank\">Instagram<\/a><\/strong><\/em><\/p>\n\n\n\n<p>Fonte: Lotti Caldas\/Comunica\u00e7\u00e3o<\/p>\n","protected":false},"excerpt":{"rendered":"<p>Integrando a programa\u00e7\u00e3o em homenagem aos pais, o Shopping Jardins traz, mais uma vez, o festival Carnivoria para a capital sergipana e convida toda a fam\u00edlia a viver momentos de muita alegria em torno da comida boa feita na brasa, do melhor do rock e da divers\u00e3o para a garotada. Umas das novidades desta terceira [&hellip;]<\/p>\n","protected":false},"author":6557,"featured_media":0,"comment_status":"closed","ping_status":"closed","sticky":false,"template":"","format":"standard","meta":{"footnotes":""},"categories":[15,21],"tags":[39587,39588,37030],"class_list":{"0":"post-138337","1":"post","2":"type-post","3":"status-publish","4":"format-standard","6":"category-destaques","7":"category-entretenimento","8":"tag-carnivoria","9":"tag-festival-carnivoria","10":"tag-festival-de-churrasco"},"_links":{"self":[{"href":"https:\/\/senoticias.com.br\/se\/wp-json\/wp\/v2\/posts\/138337"}],"collection":[{"href":"https:\/\/senoticias.com.br\/se\/wp-json\/wp\/v2\/posts"}],"about":[{"href":"https:\/\/senoticias.com.br\/se\/wp-json\/wp\/v2\/types\/post"}],"author":[{"embeddable":true,"href":"https:\/\/senoticias.com.br\/se\/wp-json\/wp\/v2\/users\/6557"}],"replies":[{"embeddable":true,"href":"https:\/\/senoticias.com.br\/se\/wp-json\/wp\/v2\/comments?post=138337"}],"version-history":[{"count":0,"href":"https:\/\/senoticias.com.br\/se\/wp-json\/wp\/v2\/posts\/138337\/revisions"}],"wp:attachment":[{"href":"https:\/\/senoticias.com.br\/se\/wp-json\/wp\/v2\/media?parent=138337"}],"wp:term":[{"taxonomy":"category","embeddable":true,"href":"https:\/\/senoticias.com.br\/se\/wp-json\/wp\/v2\/categories?post=138337"},{"taxonomy":"post_tag","embeddable":true,"href":"https:\/\/senoticias.com.br\/se\/wp-json\/wp\/v2\/tags?post=138337"}],"curies":[{"name":"wp","href":"https:\/\/api.w.org\/{rel}","templated":true}]}}