{"id":138316,"date":"2023-08-01T08:58:18","date_gmt":"2023-08-01T11:58:18","guid":{"rendered":"https:\/\/senoticias.com.br\/se\/?p=138316"},"modified":"2023-08-01T09:01:00","modified_gmt":"2023-08-01T12:01:00","slug":"novas-regras-para-compras-internacionais-de-ate-us-50-sao-validas-a-partir-desta-terca-feira-veja-quais-sao","status":"publish","type":"post","link":"https:\/\/senoticias.com.br\/se\/novas-regras-para-compras-internacionais-de-ate-us-50-sao-validas-a-partir-desta-terca-feira-veja-quais-sao\/","title":{"rendered":"Novas regras para compras internacionais de at\u00e9 US$ 50 s\u00e3o v\u00e1lidas a partir desta ter\u00e7a-feira; veja quais s\u00e3o"},"content":{"rendered":"\n<p>As novas regras para compras de produtos estrangeiros em sites s\u00e3o v\u00e1lidas a partir desta ter\u00e7a-feira (1\u00ba). A medida isenta do Imposto de Importa\u00e7\u00e3o federal as encomendas de at\u00e9 US$ 50 feitas por pessoa f\u00edsica.<\/p>\n\n\n\n<figure class=\"wp-block-image size-large\"><img loading=\"lazy\" decoding=\"async\" width=\"442\" height=\"201\" src=\"https:\/\/senoticias.com.br\/se\/wp-content\/uploads\/2023\/08\/shein-ssenoticias.jpg\" alt=\"\" class=\"wp-image-138318\" srcset=\"https:\/\/senoticias.com.br\/se\/wp-content\/uploads\/2023\/08\/shein-ssenoticias.jpg 442w, https:\/\/senoticias.com.br\/se\/wp-content\/uploads\/2023\/08\/shein-ssenoticias-300x136.jpg 300w\" sizes=\"(max-width: 442px) 100vw, 442px\" \/><figcaption>Para a empresa realizar venda com imposto zerado, \u00e9 necess\u00e1rio ser inscrita no Remessa Conforme da Receita\n<\/figcaption><\/figure>\n\n\n\n<p>Para a empresa realizar venda com imposto zerado, \u00e9 necess\u00e1rio ser inscrita no sistema Remessa Conforme da Receita Federal. Os sites que aderirem \u00e0s normas ser\u00e3o obrigados a cobrar os tributos de forma antecipada, no momento em que da compra.<\/p>\n\n\n\n<p>Em troca, ter\u00e3o isen\u00e7\u00e3o do Imposto de Importa\u00e7\u00e3o federal com al\u00edquota de 60% nas compras at\u00e9 US$ 50 (cerca de R$ 240). J\u00e1 as compras acima desse valor continuar\u00e3o sujeitas \u00e0 al\u00edquota de 60%.<\/p>\n\n\n\n<p>O programa ter\u00e1 ades\u00e3o volunt\u00e1ria por parte das varejistas, incluindo as asi\u00e1ticas Shein, Shopee e Aliexpress. At\u00e9 ent\u00e3o, essa isen\u00e7\u00e3o era v\u00e1lida para envio de remessas entre pessoas f\u00edsicas. O benef\u00edcio, por\u00e9m, n\u00e3o se estender\u00e1 ao Imposto sobre a Circula\u00e7\u00e3o de Mercadorias e Servi\u00e7os (ICMS), que \u00e9 estadual e ter\u00e1 al\u00edquota padr\u00e3o de 17% nessas opera\u00e7\u00f5es.<\/p>\n\n\n\n<p>A medida vale para compras transportadas pelos Correios, empresas de correspond\u00eancia internacional, ou empresas de encomenda a\u00e9rea internacional.<\/p>\n\n\n\n<p>Para Carlos Pinto, diretor do Instituto Brasileiro de Planejamento e Tributa\u00e7\u00e3o, a medida ser\u00e1 prejudicial ao com\u00e9rcio interno, porque haver\u00e1 concorr\u00eancia desleal, j\u00e1 que as empresas nacionais n\u00e3o t\u00eam benef\u00edcios nem condi\u00e7\u00e3o que as isentem de pagamento de impostos.<\/p>\n\n\n\n<p>&#8220;A decis\u00e3o do governo de alguma maneira \u00e9 positiva por dar capacidade financeira a uma parcela da popula\u00e7\u00e3o consumidora de produtos estrangeiros. Mas tamb\u00e9m tira do com\u00e9rcio interno a competitividade, porque acaba trazendo uma condi\u00e7\u00e3o desleal para essa concorr\u00eancia com site de vendas externas&#8221;, afirma.<\/p>\n\n\n\n<p>O plano inicial da Fazenda previa extinguir por completo esse benef\u00edcio, at\u00e9 para garantir mais receitas aos cofres p\u00fablicos em meio a metas fiscais desafiadoras.<\/p>\n\n\n\n<p>O an\u00fancio, por\u00e9m, teve repercuss\u00e3o negativa nas redes sociais e provocou um recuo por parte da equipe econ\u00f4mica.<\/p>\n\n\n\n<p><strong>Isonomia<\/strong><\/p>\n\n\n\n<p>A isen\u00e7\u00e3o de at\u00e9 US$ 50, feita sob press\u00e3o da ala pol\u00edtica do governo irritou as empresas nacionais, que pressionam por mudan\u00e7as no programa e exigem isonomia na quest\u00e3o tribut\u00e1ria.<\/p>\n\n\n\n<p>\u201cQueremos condi\u00e7\u00f5es iguais. Se as empresas internacionais n\u00e3o pagam tributo em mercadorias de at\u00e9 R$ 240, a n\u00e3o ser ICMS, como vamos competir? A nossa tributa\u00e7\u00e3o varia de 70% a 110% do valor do produto (a depender da cadeia de produ\u00e7\u00e3o, j\u00e1 que h\u00e1 cobran\u00e7a de imposto sobre imposto). Se tiver que importar, esse percentual chega a 120%\u201d, diz Jorge Gon\u00e7alves, presidente do Instituto para Desenvolvimento do Varejo (IDV).<\/p>\n\n\n\n<p>Ele afirma que a espinha dorsal do programa \u00e9 boa e permite ao governo mapear todo o ecossistema das plataformas digitais, o que amplia o potencial de fiscaliza\u00e7\u00e3o e atua\u00e7\u00e3o. Mas se diz inconformado com a isen\u00e7\u00e3o que foi dada \u00e0s transa\u00e7\u00f5es com pessoas jur\u00eddicas.<\/p>\n\n\n\n<p>\u201cHaver\u00e1 um grande malef\u00edcio ao setor. Ser\u00e1 uma doen\u00e7a silenciosa que vai extinguir milh\u00f5es de empregos\u201d, afirma o empres\u00e1rio. Nos c\u00e1lculos do IDV, dois milh\u00f5es de vagas poderiam ser perdidas, em um per\u00edodo de dois anos, devido ao fechamento de lojas no pa\u00eds.<\/p>\n\n\n\n<p>O instituto vem mantendo conversas frequentes com o Minist\u00e9rio da Fazenda e espera uma solu\u00e7\u00e3o r\u00e1pida: \u201cN\u00e3o pode e n\u00e3o dever\u00e1 demorar\u201d, diz Gon\u00e7alves.<\/p>\n\n\n\n<p><em><strong>Acompanhe tamb\u00e9m o SE Not\u00edcias no\u00a0<a rel=\"noreferrer noopener\" href=\"https:\/\/twitter.com\/Senoticias\" target=\"_blank\">Twitter<\/a>,\u00a0<a rel=\"noreferrer noopener\" href=\"https:\/\/www.facebook.com\/senoticias1\" target=\"_blank\">Facebook<\/a>\u00a0e no\u00a0<a rel=\"noreferrer noopener\" href=\"https:\/\/www.instagram.com\/senoticias\/\" target=\"_blank\">Instagram<\/a><\/strong><\/em><\/p>\n\n\n\n<p>Fonte: A8 SE<\/p>\n","protected":false},"excerpt":{"rendered":"<p>As novas regras para compras de produtos estrangeiros em sites s\u00e3o v\u00e1lidas a partir desta ter\u00e7a-feira (1\u00ba). A medida isenta do Imposto de Importa\u00e7\u00e3o federal as encomendas de at\u00e9 US$ 50 feitas por pessoa f\u00edsica. Para a empresa realizar venda com imposto zerado, \u00e9 necess\u00e1rio ser inscrita no sistema Remessa Conforme da Receita Federal. Os [&hellip;]<\/p>\n","protected":false},"author":6557,"featured_media":0,"comment_status":"closed","ping_status":"closed","sticky":false,"template":"","format":"standard","meta":{"footnotes":""},"categories":[15,2961],"tags":[39578,16063,38761],"class_list":{"0":"post-138316","1":"post","2":"type-post","3":"status-publish","4":"format-standard","6":"category-destaques","7":"category-nacional","8":"tag-compras-internacionais","9":"tag-compras-online","10":"tag-isencao-de-compras-internacionais"},"_links":{"self":[{"href":"https:\/\/senoticias.com.br\/se\/wp-json\/wp\/v2\/posts\/138316"}],"collection":[{"href":"https:\/\/senoticias.com.br\/se\/wp-json\/wp\/v2\/posts"}],"about":[{"href":"https:\/\/senoticias.com.br\/se\/wp-json\/wp\/v2\/types\/post"}],"author":[{"embeddable":true,"href":"https:\/\/senoticias.com.br\/se\/wp-json\/wp\/v2\/users\/6557"}],"replies":[{"embeddable":true,"href":"https:\/\/senoticias.com.br\/se\/wp-json\/wp\/v2\/comments?post=138316"}],"version-history":[{"count":0,"href":"https:\/\/senoticias.com.br\/se\/wp-json\/wp\/v2\/posts\/138316\/revisions"}],"wp:attachment":[{"href":"https:\/\/senoticias.com.br\/se\/wp-json\/wp\/v2\/media?parent=138316"}],"wp:term":[{"taxonomy":"category","embeddable":true,"href":"https:\/\/senoticias.com.br\/se\/wp-json\/wp\/v2\/categories?post=138316"},{"taxonomy":"post_tag","embeddable":true,"href":"https:\/\/senoticias.com.br\/se\/wp-json\/wp\/v2\/tags?post=138316"}],"curies":[{"name":"wp","href":"https:\/\/api.w.org\/{rel}","templated":true}]}}