{"id":138314,"date":"2023-07-31T18:50:00","date_gmt":"2023-07-31T21:50:00","guid":{"rendered":"https:\/\/senoticias.com.br\/se\/?p=138314"},"modified":"2023-07-31T18:50:09","modified_gmt":"2023-07-31T21:50:09","slug":"instituicao-promove-debate-sobre-o-uso-da-cannabis","status":"publish","type":"post","link":"https:\/\/senoticias.com.br\/se\/instituicao-promove-debate-sobre-o-uso-da-cannabis\/","title":{"rendered":"Institui\u00e7\u00e3o promove debate sobre o uso da Cannabis"},"content":{"rendered":"\n<p>Em abril de&nbsp;2023, em Sergipe,&nbsp;foi sancionada a Lei n\u00b0 9.178. Ela autoriza o uso da Cannabis para fins terap\u00eauticos,&nbsp;medicinais, veterin\u00e1rios e cient\u00edficos&nbsp;no Estado, buscando&nbsp;viabilizar o acesso \u00e0 planta,&nbsp;por meio do Sistema \u00danico De Sa\u00fade (SUS),&nbsp;de forma universal e gratuita para tratamentos de sa\u00fade&nbsp;que tem sua efic\u00e1cia&nbsp;comprovada.&nbsp;A lei tamb\u00e9m permite que os estudos cient\u00edficos sejam&nbsp;amplificados e os debates sobre o tema sejam mais eficazes, fazendo com que&nbsp;a popula\u00e7\u00e3o tenha&nbsp;mais&nbsp;conhecimento&nbsp;sobre o assunto.&nbsp;<\/p>\n\n\n\n<figure class=\"wp-block-image size-large\"><img loading=\"lazy\" decoding=\"async\" width=\"599\" height=\"399\" src=\"https:\/\/senoticias.com.br\/se\/wp-content\/uploads\/2023\/07\/Cannabis-SE-noticias.jpg\" alt=\"\" class=\"wp-image-138315\" srcset=\"https:\/\/senoticias.com.br\/se\/wp-content\/uploads\/2023\/07\/Cannabis-SE-noticias.jpg 599w, https:\/\/senoticias.com.br\/se\/wp-content\/uploads\/2023\/07\/Cannabis-SE-noticias-300x200.jpg 300w, https:\/\/senoticias.com.br\/se\/wp-content\/uploads\/2023\/07\/Cannabis-SE-noticias-90x60.jpg 90w, https:\/\/senoticias.com.br\/se\/wp-content\/uploads\/2023\/07\/Cannabis-SE-noticias-180x120.jpg 180w, https:\/\/senoticias.com.br\/se\/wp-content\/uploads\/2023\/07\/Cannabis-SE-noticias-95x64.jpg 95w\" sizes=\"(max-width: 599px) 100vw, 599px\" \/><figcaption>Evento \u00e9 gratuito, aberto ao p\u00fablico e acontece na UNINASSAU Aracaju &#8211; Foto: enviada pela ascom\/Nassau<\/figcaption><\/figure>\n\n\n\n<p>Por isso,&nbsp;o&nbsp;UNINASSAU&nbsp;\u2013 Centro Universit\u00e1rio Maur\u00edcio de Nassau&nbsp;Aracaju&nbsp;promove&nbsp;a palestra \u201cQuebrando barreiras: Uso da Cannabis&nbsp;&#8211; da&nbsp;terap\u00eautica&nbsp;aos aspectos regulat\u00f3rios\u201d. Ela acontece em&nbsp;2 de agosto, \u00e0s 19h, na Institui\u00e7\u00e3o,&nbsp;localizada na&nbsp;Av. Augusto Franco, 2340 &#8211; Siqueira Campos.<\/p>\n\n\n\n<p>\u201cO debate&nbsp;sobre a&nbsp;<em>Cannabis Sativa&nbsp;<\/em>e suas aplica\u00e7\u00f5es&nbsp;terap\u00eauticas&nbsp;\u00e9 essencial para a constru\u00e7\u00e3o de terapias alternativas,&nbsp;al\u00e9m&nbsp;da valoriza\u00e7\u00e3o das&nbsp;pr\u00e1ticas&nbsp;integrativas, conforme preconizado pela&nbsp;Organiza\u00e7\u00e3o&nbsp;Mundial de&nbsp;Sa\u00fade&nbsp;(OMS). Tamb\u00e9m \u00e9 primordial falar sobre os aspectos regulat\u00f3rios e seus&nbsp;impactos para o SUS\u201d, afirma&nbsp;o coordenador dos cursos de Farm\u00e1cia e Biomedicina, Carlos Adriano.&nbsp;<\/p>\n\n\n\n<p>Os palestrantes do evento s\u00e3o\u00a0Dr. Lucas Fonseca,\u00a0a t\u00e9cnica em enfermagem\u00a0Taciany\u00a0Nataly\u00a0e\u00a0o advogado Maur\u00edcio\u00a0Lobo.\u00a0As inscri\u00e7\u00f5es devem ser realizadas por meio do link\u00a0<a rel=\"noreferrer noopener\" href=\"https:\/\/forms.office.com\/r\/6zd5gjGdVS\" target=\"_blank\">https:\/\/forms.office.com\/r\/6zd5gjGdVS<\/a>.<\/p>\n\n\n\n<p><em><strong>Acompanhe tamb\u00e9m o SE Not\u00edcias no\u00a0<a rel=\"noreferrer noopener\" href=\"https:\/\/twitter.com\/Senoticias\" target=\"_blank\">Twitter<\/a>,\u00a0<a rel=\"noreferrer noopener\" href=\"https:\/\/www.facebook.com\/senoticias1\" target=\"_blank\">Facebook<\/a>\u00a0e no\u00a0<a rel=\"noreferrer noopener\" href=\"https:\/\/www.instagram.com\/senoticias\/\" target=\"_blank\">Instagram<\/a><\/strong><\/em><\/p>\n\n\n\n<p>Fonte; ascom\/Uninassau<\/p>\n","protected":false},"excerpt":{"rendered":"<p>Em abril de&nbsp;2023, em Sergipe,&nbsp;foi sancionada a Lei n\u00b0 9.178. Ela autoriza o uso da Cannabis para fins terap\u00eauticos,&nbsp;medicinais, veterin\u00e1rios e cient\u00edficos&nbsp;no Estado, buscando&nbsp;viabilizar o acesso \u00e0 planta,&nbsp;por meio do Sistema \u00danico De Sa\u00fade (SUS),&nbsp;de forma universal e gratuita para tratamentos de sa\u00fade&nbsp;que tem sua efic\u00e1cia&nbsp;comprovada.&nbsp;A lei tamb\u00e9m permite que os estudos cient\u00edficos sejam&nbsp;amplificados e [&hellip;]<\/p>\n","protected":false},"author":6557,"featured_media":0,"comment_status":"closed","ping_status":"closed","sticky":false,"template":"","format":"standard","meta":{"footnotes":""},"categories":[15,6],"tags":[38439,39575,4661],"class_list":{"0":"post-138314","1":"post","2":"type-post","3":"status-publish","4":"format-standard","6":"category-destaques","7":"category-politica","8":"tag-cannabis","9":"tag-fins-terapeuticos","10":"tag-uninassau"},"_links":{"self":[{"href":"https:\/\/senoticias.com.br\/se\/wp-json\/wp\/v2\/posts\/138314"}],"collection":[{"href":"https:\/\/senoticias.com.br\/se\/wp-json\/wp\/v2\/posts"}],"about":[{"href":"https:\/\/senoticias.com.br\/se\/wp-json\/wp\/v2\/types\/post"}],"author":[{"embeddable":true,"href":"https:\/\/senoticias.com.br\/se\/wp-json\/wp\/v2\/users\/6557"}],"replies":[{"embeddable":true,"href":"https:\/\/senoticias.com.br\/se\/wp-json\/wp\/v2\/comments?post=138314"}],"version-history":[{"count":0,"href":"https:\/\/senoticias.com.br\/se\/wp-json\/wp\/v2\/posts\/138314\/revisions"}],"wp:attachment":[{"href":"https:\/\/senoticias.com.br\/se\/wp-json\/wp\/v2\/media?parent=138314"}],"wp:term":[{"taxonomy":"category","embeddable":true,"href":"https:\/\/senoticias.com.br\/se\/wp-json\/wp\/v2\/categories?post=138314"},{"taxonomy":"post_tag","embeddable":true,"href":"https:\/\/senoticias.com.br\/se\/wp-json\/wp\/v2\/tags?post=138314"}],"curies":[{"name":"wp","href":"https:\/\/api.w.org\/{rel}","templated":true}]}}