{"id":138312,"date":"2023-07-31T17:52:51","date_gmt":"2023-07-31T20:52:51","guid":{"rendered":"https:\/\/senoticias.com.br\/se\/?p=138312"},"modified":"2023-07-31T17:52:57","modified_gmt":"2023-07-31T20:52:57","slug":"grupo-que-instalava-chupa-cabras-em-caixas-eletronicos-e-preso-em-sergipe-com-carga-de-r-40-mil","status":"publish","type":"post","link":"https:\/\/senoticias.com.br\/se\/grupo-que-instalava-chupa-cabras-em-caixas-eletronicos-e-preso-em-sergipe-com-carga-de-r-40-mil\/","title":{"rendered":"Grupo que instalava \u201cchupa-cabras\u201d em caixas eletr\u00f4nicos \u00e9 preso em Sergipe com carga de R$ 40 mil"},"content":{"rendered":"\n<p>Nesta segunda-feira (31), a pol\u00edcia divulgou que prendeu dois homens, de 35 e 45 anos, e uma mulher, de 32, pelos crimes de furto qualificado e organiza\u00e7\u00e3o criminosa. De acordo com as investiga\u00e7\u00f5es, eles instalavam dispositivos \u201cchupa-cabra\u201d em caixas eletr\u00f4nicos. A a\u00e7\u00e3o policial aconteceu na zona oeste de Aracaju no \u00faltimo s\u00e1bado (29).<\/p>\n\n\n\n<figure class=\"wp-block-image size-large\"><img loading=\"lazy\" decoding=\"async\" width=\"589\" height=\"272\" src=\"https:\/\/senoticias.com.br\/se\/wp-content\/uploads\/2023\/07\/Chupa-cabras-se-noticias.jpg\" alt=\"\" class=\"wp-image-138313\" srcset=\"https:\/\/senoticias.com.br\/se\/wp-content\/uploads\/2023\/07\/Chupa-cabras-se-noticias.jpg 589w, https:\/\/senoticias.com.br\/se\/wp-content\/uploads\/2023\/07\/Chupa-cabras-se-noticias-300x139.jpg 300w\" sizes=\"(max-width: 589px) 100vw, 589px\" \/><figcaption>Segundo a Pol\u00edcia Civil , os suspeitos tamb\u00e9m colavam adesivos com n\u00fameros de telefones de falsas centrais de atendimento &#8211; Foto: SSP\/SE<\/figcaption><\/figure>\n\n\n\n<p>Os tr\u00eas investigados iam a ag\u00eancias banc\u00e1rias e supermercados que possuem caixas eletr\u00f4nicos e instalavam um dispositivo popularmente conhecido como \u201cchupa-cabra\u201d, que prendia os cart\u00f5es de quem utilizava o equipamento. Como fruto do crime, eles estavam com R$ 40 mil em celulares comprados com os cart\u00f5es das v\u00edtimas. Os aparelhos estavam escondidos no painel do carro e foram adquiridos com recursos obtidos dos cart\u00f5es banc\u00e1rios furtados.<\/p>\n\n\n\n<p>Eles tamb\u00e9m colavam adesivos com n\u00fameros de telefones de falsas centrais de atendimento para que as v\u00edtimas fornecessem seus dados para uso posterior do cart\u00e3o em outras transa\u00e7\u00f5es fraudulentas.<\/p>\n\n\n\n<p>\u201cO trio criminoso vinha realizando v\u00e1rios crimes em outros estados do Nordeste, conforme troca de informa\u00e7\u00f5es com for\u00e7as policiais de estados vizinhos a Sergipe.[\u2026] As investiga\u00e7\u00f5es continuam para identificar demais v\u00edtimas que foram lesadas pelo grupo criminoso em Sergipe. A partir de agora, os investigados est\u00e3o \u00e0 disposi\u00e7\u00e3o do Poder Judici\u00e1rio, e posteriormente ser\u00e3o encaminhados a uma unidade do sistema prisional\u201d explicou a pol\u00edcia.<\/p>\n\n\n\n<p><em><strong>Acompanhe tamb\u00e9m o SE Not\u00edcias no\u00a0<a rel=\"noreferrer noopener\" href=\"https:\/\/twitter.com\/Senoticias\" target=\"_blank\">Twitter<\/a>,\u00a0<a rel=\"noreferrer noopener\" href=\"https:\/\/www.facebook.com\/senoticias1\" target=\"_blank\">Facebook<\/a>\u00a0e no\u00a0<a rel=\"noreferrer noopener\" href=\"https:\/\/www.instagram.com\/senoticias\/\" target=\"_blank\">Instagram<\/a><\/strong><\/em><\/p>\n\n\n\n<p>Fonte:  SSP\/SE<\/p>\n","protected":false},"excerpt":{"rendered":"<p>Nesta segunda-feira (31), a pol\u00edcia divulgou que prendeu dois homens, de 35 e 45 anos, e uma mulher, de 32, pelos crimes de furto qualificado e organiza\u00e7\u00e3o criminosa. De acordo com as investiga\u00e7\u00f5es, eles instalavam dispositivos \u201cchupa-cabra\u201d em caixas eletr\u00f4nicos. A a\u00e7\u00e3o policial aconteceu na zona oeste de Aracaju no \u00faltimo s\u00e1bado (29). Os tr\u00eas [&hellip;]<\/p>\n","protected":false},"author":6557,"featured_media":0,"comment_status":"closed","ping_status":"closed","sticky":false,"template":"","format":"standard","meta":{"footnotes":""},"categories":[15,7],"tags":[6298,39573,78,39574],"class_list":{"0":"post-138312","1":"post","2":"type-post","3":"status-publish","4":"format-standard","6":"category-destaques","7":"category-policia","8":"tag-caixas-eletronicos","9":"tag-chupa-cabras","10":"tag-policia-civil","11":"tag-trio-criminoso"},"_links":{"self":[{"href":"https:\/\/senoticias.com.br\/se\/wp-json\/wp\/v2\/posts\/138312"}],"collection":[{"href":"https:\/\/senoticias.com.br\/se\/wp-json\/wp\/v2\/posts"}],"about":[{"href":"https:\/\/senoticias.com.br\/se\/wp-json\/wp\/v2\/types\/post"}],"author":[{"embeddable":true,"href":"https:\/\/senoticias.com.br\/se\/wp-json\/wp\/v2\/users\/6557"}],"replies":[{"embeddable":true,"href":"https:\/\/senoticias.com.br\/se\/wp-json\/wp\/v2\/comments?post=138312"}],"version-history":[{"count":0,"href":"https:\/\/senoticias.com.br\/se\/wp-json\/wp\/v2\/posts\/138312\/revisions"}],"wp:attachment":[{"href":"https:\/\/senoticias.com.br\/se\/wp-json\/wp\/v2\/media?parent=138312"}],"wp:term":[{"taxonomy":"category","embeddable":true,"href":"https:\/\/senoticias.com.br\/se\/wp-json\/wp\/v2\/categories?post=138312"},{"taxonomy":"post_tag","embeddable":true,"href":"https:\/\/senoticias.com.br\/se\/wp-json\/wp\/v2\/tags?post=138312"}],"curies":[{"name":"wp","href":"https:\/\/api.w.org\/{rel}","templated":true}]}}