{"id":138308,"date":"2023-07-31T08:48:03","date_gmt":"2023-07-31T11:48:03","guid":{"rendered":"https:\/\/senoticias.com.br\/se\/?p=138308"},"modified":"2023-07-31T08:48:15","modified_gmt":"2023-07-31T11:48:15","slug":"unico-sobrevivente-de-afogamento-com-duas-vitimas-fatais-na-orla-de-aracaju-recebe-alta-vida-que-segue","status":"publish","type":"post","link":"https:\/\/senoticias.com.br\/se\/unico-sobrevivente-de-afogamento-com-duas-vitimas-fatais-na-orla-de-aracaju-recebe-alta-vida-que-segue\/","title":{"rendered":"\u00danico sobrevivente de afogamento com duas v\u00edtimas fatais na Orla de Aracaju recebe alta: &#8216;vida que segue&#8217;"},"content":{"rendered":"\n<p>O \u00fanico sobrevivente, de 12 anos, do triplo afogamento registrado na Praia da Atalaia, em Aracaju, recebeu alta do Hospital da Crian\u00e7a no \u00faltimo s\u00e1bado (29). Ele estava acompanhado do irm\u00e3o e outro colega, que morreram no acidente.<\/p>\n\n\n\n<p>Atrav\u00e9s de v\u00eddeo publicado nas redes sociais, o adolescente agradeceu as ora\u00e7\u00f5es e evitou falar sobre a trag\u00e9dia.<\/p>\n\n\n\n<p>Obrigado a todos que tiveram orando por mim, mas agora estou em casa. Vida que segue, obrigado!<br>disse.<br>No dia da ocorr\u00eancia, os tr\u00eas estavam acompanhados de um grupo de mais cinco pessoas praticando capoeira na faixa de areia e decidiram limpar a areia na \u00e1gua. Ap\u00f3s um tempo, o professor foi cham\u00e1-los, mas eles desapareceram. Apenas um foi resgatado com vida por bombeiros militares, sendo reanimado e levado ao hospital.<\/p>\n\n\n\n<p>Um turista encontrou um dos corpos no dia seguinte, cerca de cinco quil\u00f4metros do local. O outro adolescente tamb\u00e9m foi localizado na mesma regi\u00e3o.<\/p>\n\n\n\n<p>A corpora\u00e7\u00e3o informou que a regi\u00e3o do afogamento estava sinalizada com alerta de perigo para banho. O n\u00famero de mortes por afogamento no estado subiu para 27, sendo maior que no ano passado, quando foram registradas 22 ocorr\u00eancias.<\/p>\n\n\n\n<p><em><strong>Acompanhe tamb\u00e9m o SE Not\u00edcias no\u00a0<a rel=\"noreferrer noopener\" href=\"https:\/\/twitter.com\/Senoticias\" target=\"_blank\">Twitter<\/a>,\u00a0<a rel=\"noreferrer noopener\" href=\"https:\/\/www.facebook.com\/senoticias1\" target=\"_blank\">Facebook<\/a>\u00a0e no\u00a0<a rel=\"noreferrer noopener\" href=\"https:\/\/www.instagram.com\/senoticias\/\" target=\"_blank\">Instagram<\/a><\/strong><\/em><\/p>\n\n\n\n<p>Fonte: A8 SE<\/p>\n","protected":false},"excerpt":{"rendered":"<p>O \u00fanico sobrevivente, de 12 anos, do triplo afogamento registrado na Praia da Atalaia, em Aracaju, recebeu alta do Hospital da Crian\u00e7a no \u00faltimo s\u00e1bado (29). Ele estava acompanhado do irm\u00e3o e outro colega, que morreram no acidente. Atrav\u00e9s de v\u00eddeo publicado nas redes sociais, o adolescente agradeceu as ora\u00e7\u00f5es e evitou falar sobre a [&hellip;]<\/p>\n","protected":false},"author":6557,"featured_media":0,"comment_status":"closed","ping_status":"closed","sticky":false,"template":"","format":"standard","meta":{"footnotes":""},"categories":[15,38],"tags":[5777,13467,39571],"class_list":{"0":"post-138308","1":"post","2":"type-post","3":"status-publish","4":"format-standard","6":"category-destaques","7":"category-municipios","8":"tag-afogamento","9":"tag-orla-de-aracaju","10":"tag-sobrevivente"},"_links":{"self":[{"href":"https:\/\/senoticias.com.br\/se\/wp-json\/wp\/v2\/posts\/138308"}],"collection":[{"href":"https:\/\/senoticias.com.br\/se\/wp-json\/wp\/v2\/posts"}],"about":[{"href":"https:\/\/senoticias.com.br\/se\/wp-json\/wp\/v2\/types\/post"}],"author":[{"embeddable":true,"href":"https:\/\/senoticias.com.br\/se\/wp-json\/wp\/v2\/users\/6557"}],"replies":[{"embeddable":true,"href":"https:\/\/senoticias.com.br\/se\/wp-json\/wp\/v2\/comments?post=138308"}],"version-history":[{"count":0,"href":"https:\/\/senoticias.com.br\/se\/wp-json\/wp\/v2\/posts\/138308\/revisions"}],"wp:attachment":[{"href":"https:\/\/senoticias.com.br\/se\/wp-json\/wp\/v2\/media?parent=138308"}],"wp:term":[{"taxonomy":"category","embeddable":true,"href":"https:\/\/senoticias.com.br\/se\/wp-json\/wp\/v2\/categories?post=138308"},{"taxonomy":"post_tag","embeddable":true,"href":"https:\/\/senoticias.com.br\/se\/wp-json\/wp\/v2\/tags?post=138308"}],"curies":[{"name":"wp","href":"https:\/\/api.w.org\/{rel}","templated":true}]}}