{"id":138295,"date":"2023-07-30T18:04:46","date_gmt":"2023-07-30T21:04:46","guid":{"rendered":"https:\/\/senoticias.com.br\/se\/?p=138295"},"modified":"2023-07-30T18:24:29","modified_gmt":"2023-07-30T21:24:29","slug":"prefeitura-fara-1a-peneira-para-formacao-da-equipe-aracaju-futsal-no-proximo-dia-31","status":"publish","type":"post","link":"https:\/\/senoticias.com.br\/se\/prefeitura-fara-1a-peneira-para-formacao-da-equipe-aracaju-futsal-no-proximo-dia-31\/","title":{"rendered":"Prefeitura far\u00e1 1\u00aa peneira para forma\u00e7\u00e3o da equipe Aracaju Futsal nesta segunda-feira, 31"},"content":{"rendered":"\n<p>A Secretaria Municipal da Juventude e do Esporte (Sejesp) realizar\u00e1 nesta segunda-feira, 31, a primeira peneira de jogadores a fim de formar a equipe Aracaju Futsal, sele\u00e7\u00e3o aracajuana que participar\u00e1 da Copa TV Sergipe de Futsal, competi\u00e7\u00e3o que ser\u00e1 ocorrer\u00e1 entre 9 de setembro e 28 de outubro.<\/p>\n\n\n\n<figure class=\"wp-block-image size-large\"><img loading=\"lazy\" decoding=\"async\" width=\"591\" height=\"591\" src=\"https:\/\/senoticias.com.br\/se\/wp-content\/uploads\/2023\/07\/Peneira-SE-Noticias.jpg\" alt=\"\" class=\"wp-image-138296\" srcset=\"https:\/\/senoticias.com.br\/se\/wp-content\/uploads\/2023\/07\/Peneira-SE-Noticias.jpg 591w, https:\/\/senoticias.com.br\/se\/wp-content\/uploads\/2023\/07\/Peneira-SE-Noticias-300x300.jpg 300w, https:\/\/senoticias.com.br\/se\/wp-content\/uploads\/2023\/07\/Peneira-SE-Noticias-150x150.jpg 150w\" sizes=\"(max-width: 591px) 100vw, 591px\" \/><\/figure>\n\n\n\n<p>Essa primeira peneira acontecer\u00e1 a partir das 18h30, na Esta\u00e7\u00e3o Cidadania &#8211; Esporte Radialista Carlos Magno, localizada na pra\u00e7a Vereador Osvaldo Mendon\u00e7a, s\/n, bairro Bugio, zona Oeste de Aracaju.<\/p>\n\n\n\n<p>Para participar, \u00e9 necess\u00e1rio ter idade a partir de 18 anos e preencher o formul\u00e1rio, por meio deste link, que tamb\u00e9m est\u00e1 na bio e nos stories do perfil da Sejesp no Instagram (@sejesp).<\/p>\n\n\n\n<p>As informa\u00e7\u00f5es sobre as pr\u00f3ximas peneiras ser\u00e3o divulgadas em breve.<\/p>\n\n\n\n<p><em><strong>Acompanhe tamb\u00e9m o SE Not\u00edcias no\u00a0<a rel=\"noreferrer noopener\" href=\"https:\/\/twitter.com\/Senoticias\" target=\"_blank\">Twitter<\/a>,\u00a0<a rel=\"noreferrer noopener\" href=\"https:\/\/www.facebook.com\/senoticias1\" target=\"_blank\">Facebook<\/a>\u00a0e no\u00a0<a rel=\"noreferrer noopener\" href=\"https:\/\/www.instagram.com\/senoticias\/\" target=\"_blank\">Instagram<\/a><\/strong><\/em><\/p>\n\n\n\n<p>Fonte: ascom\/Sejesp\/AAN<\/p>\n","protected":false},"excerpt":{"rendered":"<p>A Secretaria Municipal da Juventude e do Esporte (Sejesp) realizar\u00e1 nesta segunda-feira, 31, a primeira peneira de jogadores a fim de formar a equipe Aracaju Futsal, sele\u00e7\u00e3o aracajuana que participar\u00e1 da Copa TV Sergipe de Futsal, competi\u00e7\u00e3o que ser\u00e1 ocorrer\u00e1 entre 9 de setembro e 28 de outubro. Essa primeira peneira acontecer\u00e1 a partir das [&hellip;]<\/p>\n","protected":false},"author":6557,"featured_media":0,"comment_status":"closed","ping_status":"closed","sticky":false,"template":"","format":"standard","meta":{"footnotes":""},"categories":[15,26,1],"tags":[6902,6047,213],"class_list":{"0":"post-138295","1":"post","2":"type-post","3":"status-publish","4":"format-standard","6":"category-destaques","7":"category-esportes","8":"category-sem-categoria","9":"tag-aracaju-futsal","10":"tag-copa-tv-sergipe","11":"tag-prefeitura-de-aracaju"},"_links":{"self":[{"href":"https:\/\/senoticias.com.br\/se\/wp-json\/wp\/v2\/posts\/138295"}],"collection":[{"href":"https:\/\/senoticias.com.br\/se\/wp-json\/wp\/v2\/posts"}],"about":[{"href":"https:\/\/senoticias.com.br\/se\/wp-json\/wp\/v2\/types\/post"}],"author":[{"embeddable":true,"href":"https:\/\/senoticias.com.br\/se\/wp-json\/wp\/v2\/users\/6557"}],"replies":[{"embeddable":true,"href":"https:\/\/senoticias.com.br\/se\/wp-json\/wp\/v2\/comments?post=138295"}],"version-history":[{"count":0,"href":"https:\/\/senoticias.com.br\/se\/wp-json\/wp\/v2\/posts\/138295\/revisions"}],"wp:attachment":[{"href":"https:\/\/senoticias.com.br\/se\/wp-json\/wp\/v2\/media?parent=138295"}],"wp:term":[{"taxonomy":"category","embeddable":true,"href":"https:\/\/senoticias.com.br\/se\/wp-json\/wp\/v2\/categories?post=138295"},{"taxonomy":"post_tag","embeddable":true,"href":"https:\/\/senoticias.com.br\/se\/wp-json\/wp\/v2\/tags?post=138295"}],"curies":[{"name":"wp","href":"https:\/\/api.w.org\/{rel}","templated":true}]}}