{"id":138225,"date":"2023-07-25T21:03:39","date_gmt":"2023-07-26T00:03:39","guid":{"rendered":"https:\/\/senoticias.com.br\/se\/?p=138225"},"modified":"2023-07-25T21:03:44","modified_gmt":"2023-07-26T00:03:44","slug":"dois-dos-tres-menores-afogados-na-orla-de-atalaia-sao-irmaos","status":"publish","type":"post","link":"https:\/\/senoticias.com.br\/se\/dois-dos-tres-menores-afogados-na-orla-de-atalaia-sao-irmaos\/","title":{"rendered":"Dois dos tr\u00eas menores afogados na Orla de Atalaia s\u00e3o irm\u00e3os"},"content":{"rendered":"\n<p>O Corpo de Bombeiros de Sergipe suspendeu no in\u00edcio da noite desta ter\u00e7a-feira (25) as buscas pelos adolescentes que se afogaram na Orla de Atalaia, na capital sergipana.<\/p>\n\n\n\n<p>Bombeiros estiveram com guarda-vidas no local, caminhonetes na faixa de areia, jet ski e mergulhadores foram acionados. &#8220;A noite, nesse hor\u00e1rio, n\u00e3o fazemos buscas para resguardar os guardas-vidas&#8221;, explicou o tenente-coronel Jairo Cruz, assessor de comunica\u00e7\u00e3o do CBMSE.<\/p>\n\n\n\n<figure class=\"wp-block-image size-large\"><img loading=\"lazy\" decoding=\"async\" width=\"600\" height=\"391\" src=\"https:\/\/senoticias.com.br\/se\/wp-content\/uploads\/2023\/07\/Afogamento-na-Atalaia-SE-Noticias.jpg\" alt=\"\" class=\"wp-image-138226\" srcset=\"https:\/\/senoticias.com.br\/se\/wp-content\/uploads\/2023\/07\/Afogamento-na-Atalaia-SE-Noticias.jpg 600w, https:\/\/senoticias.com.br\/se\/wp-content\/uploads\/2023\/07\/Afogamento-na-Atalaia-SE-Noticias-300x196.jpg 300w, https:\/\/senoticias.com.br\/se\/wp-content\/uploads\/2023\/07\/Afogamento-na-Atalaia-SE-Noticias-90x60.jpg 90w\" sizes=\"(max-width: 600px) 100vw, 600px\" \/><figcaption>Bombeiros durante ocorr\u00eancia na Praia da Atalaia \u2014 Foto: Rafael Carvalho\/TV Sergipe<\/figcaption><\/figure>\n\n\n\n<p>A procura ser\u00e1 retomada nas primeiras horas desta quarta-feira (26).<\/p>\n\n\n\n<p>Continuam desaparecidos dois adolescentes ap\u00f3s afogamento na Orla de Atalaia<\/p>\n\n\n\n<p><strong>O caso<\/strong><\/p>\n\n\n\n<p>O acontecimento aconteceu por volta das 12h30, quando os tr\u00eas, junto com um grupo de mais cinco pessoas, praticavam capoeira na praia e decidiram ir para \u00e1gua para limpar a areia. Ap\u00f3s um tempo, o professor foi cham\u00e1-los, mas, infelizmente, os afogamentos j\u00e1 tinham acontecido.<\/p>\n\n\n\n<p>Um menino, identificado como Guilherme, foi salvo e levado para o Hospital da Crian\u00e7a. Ele sofreu afogamento grau quatro (quando a v\u00edtima apresenta muita espuma na boca ou nariz, sem pulso na art\u00e9ria radial). \u201cEstava desacordado, engoliu muita \u00e1gua e espuma na boca\u201d, disse Jairo.<\/p>\n\n\n\n<p>Os outros dois, Gustavo dos Santos, de 14 anos, e Breno, de 16, seguem sendo procurados pelos bombeiros. Familiares est\u00e3o no local. Gustavo e Guilherme s\u00e3o irm\u00e3os.<\/p>\n\n\n\n<p><em><strong>Acompanhe tamb\u00e9m o SE Not\u00edcias no\u00a0<a rel=\"noreferrer noopener\" href=\"https:\/\/twitter.com\/Senoticias\" target=\"_blank\">Twitter<\/a>,\u00a0<a rel=\"noreferrer noopener\" href=\"https:\/\/www.facebook.com\/senoticias1\" target=\"_blank\">Facebook<\/a>\u00a0e no\u00a0<a rel=\"noreferrer noopener\" href=\"https:\/\/www.instagram.com\/senoticias\/\" target=\"_blank\">Instagram<\/a><\/strong><\/em><\/p>\n\n\n\n<p>Fonte: A8se.com<\/p>\n","protected":false},"excerpt":{"rendered":"<p>O Corpo de Bombeiros de Sergipe suspendeu no in\u00edcio da noite desta ter\u00e7a-feira (25) as buscas pelos adolescentes que se afogaram na Orla de Atalaia, na capital sergipana. Bombeiros estiveram com guarda-vidas no local, caminhonetes na faixa de areia, jet ski e mergulhadores foram acionados. &#8220;A noite, nesse hor\u00e1rio, n\u00e3o fazemos buscas para resguardar os [&hellip;]<\/p>\n","protected":false},"author":6557,"featured_media":0,"comment_status":"closed","ping_status":"closed","sticky":false,"template":"","format":"standard","meta":{"footnotes":""},"categories":[15,7],"tags":[5777,39532,9895],"class_list":{"0":"post-138225","1":"post","2":"type-post","3":"status-publish","4":"format-standard","6":"category-destaques","7":"category-policia","8":"tag-afogamento","9":"tag-afogamento-na-atalaia","10":"tag-corpo-de-bombeiros-de-sergipe"},"_links":{"self":[{"href":"https:\/\/senoticias.com.br\/se\/wp-json\/wp\/v2\/posts\/138225"}],"collection":[{"href":"https:\/\/senoticias.com.br\/se\/wp-json\/wp\/v2\/posts"}],"about":[{"href":"https:\/\/senoticias.com.br\/se\/wp-json\/wp\/v2\/types\/post"}],"author":[{"embeddable":true,"href":"https:\/\/senoticias.com.br\/se\/wp-json\/wp\/v2\/users\/6557"}],"replies":[{"embeddable":true,"href":"https:\/\/senoticias.com.br\/se\/wp-json\/wp\/v2\/comments?post=138225"}],"version-history":[{"count":0,"href":"https:\/\/senoticias.com.br\/se\/wp-json\/wp\/v2\/posts\/138225\/revisions"}],"wp:attachment":[{"href":"https:\/\/senoticias.com.br\/se\/wp-json\/wp\/v2\/media?parent=138225"}],"wp:term":[{"taxonomy":"category","embeddable":true,"href":"https:\/\/senoticias.com.br\/se\/wp-json\/wp\/v2\/categories?post=138225"},{"taxonomy":"post_tag","embeddable":true,"href":"https:\/\/senoticias.com.br\/se\/wp-json\/wp\/v2\/tags?post=138225"}],"curies":[{"name":"wp","href":"https:\/\/api.w.org\/{rel}","templated":true}]}}