{"id":138223,"date":"2023-07-25T16:57:56","date_gmt":"2023-07-25T19:57:56","guid":{"rendered":"https:\/\/senoticias.com.br\/se\/?p=138223"},"modified":"2023-07-25T16:58:25","modified_gmt":"2023-07-25T19:58:25","slug":"prefeitura-de-aracaju-pagara-os-salarios-dos-servidores-municipais-nesta-sexta-feira-28","status":"publish","type":"post","link":"https:\/\/senoticias.com.br\/se\/prefeitura-de-aracaju-pagara-os-salarios-dos-servidores-municipais-nesta-sexta-feira-28\/","title":{"rendered":"Prefeitura de Aracaju pagar\u00e1 os sal\u00e1rios dos servidores municipais nesta sexta-feira, 28"},"content":{"rendered":"\n<p>A Prefeitura de Aracaju pagar\u00e1 os sal\u00e1rios dos servidores p\u00fablicos municipais, referente ao m\u00eas de julho, nesta sexta-feira, 28. O an\u00fancio foi feito pelo prefeito Edvaldo Nogueira, atrav\u00e9s de transmiss\u00e3o ao vivo pela internet, nesta ter\u00e7a-feira, 25. De acordo com o gestor, todos os trabalhadores da administra\u00e7\u00e3o direta, indireta e dos \u00f3rg\u00e3os das empresas municipais ter\u00e3o os vencimentos creditados em conta ao longo do dia. Os servidores que fazem anivers\u00e1rio nos meses de julho e agosto tamb\u00e9m receber\u00e3o a primeira parcela do d\u00e9cimo terceiro sal\u00e1rio na data. Com o pagamento dos sal\u00e1rios de julho, ser\u00e3o injetados na economia mais de R$100 milh\u00f5es.<\/p>\n\n\n\n<figure class=\"wp-block-image size-large\"><img loading=\"lazy\" decoding=\"async\" width=\"599\" height=\"400\" src=\"https:\/\/senoticias.com.br\/se\/wp-content\/uploads\/2023\/07\/phpThumb_generated_thumbnail-1-e1690314893713.jpg\" alt=\"\" class=\"wp-image-138224\"\/><figcaption>Foto: Arthur D&#8217;Avila\/PMA<\/figcaption><\/figure>\n\n\n\n<p>\u201cAssim como tenho feito em todos os meses da gest\u00e3o, trago com alegria a boa not\u00edcia de que o sal\u00e1rio do servidor ser\u00e1 pago em dia, dentro do m\u00eas trabalhado. Todos os funcion\u00e1rios ativos e inativos, da administra\u00e7\u00e3o direta e indireta receber\u00e3o nesta sexta-feira, dia 28. Para quem faz anivers\u00e1rio nos meses de julho e agosto tamb\u00e9m ser\u00e1 paga a primeira parcela do d\u00e9cimo terceiro. Esse \u00e9 um compromisso que reafirmamos com muito esfor\u00e7o, em agradecimento \u00e0 dedica\u00e7\u00e3o que cada trabalhador tem com a nossa cidade\u201d, destacou o prefeito ao fazer o an\u00fancio em suas redes sociais.<\/p>\n\n\n\n<p>O pagamento do sal\u00e1rio em dia \u00e9 um compromisso que o prefeito Edvaldo Nogueira honra com os servidores da Prefeitura de Aracaju desde janeiro de 2017, quando deu in\u00edcio ao seu mandato anterior. Al\u00e9m de assegurar a regularidade do pagamento do sal\u00e1rio dos trabalhadores da administra\u00e7\u00e3o municipal, a atual gest\u00e3o tamb\u00e9m tem mantido o pagamento antecipado do d\u00e9cimo terceiro sal\u00e1rio e tem realizado o pagamento de direitos e benef\u00edcios.<\/p>\n\n\n\n<p><em><strong>Acompanhe tamb\u00e9m o SE Not\u00edcias no\u00a0<a rel=\"noreferrer noopener\" href=\"https:\/\/twitter.com\/Senoticias\" target=\"_blank\">Twitter<\/a>,\u00a0<a rel=\"noreferrer noopener\" href=\"https:\/\/www.facebook.com\/senoticias1\" target=\"_blank\">Facebook<\/a>\u00a0e no\u00a0<a rel=\"noreferrer noopener\" href=\"https:\/\/www.instagram.com\/senoticias\/\" target=\"_blank\">Instagram<\/a><\/strong><\/em><\/p>\n\n\n\n<p>Fonte: Se.Gov<\/p>\n","protected":false},"excerpt":{"rendered":"<p>A Prefeitura de Aracaju pagar\u00e1 os sal\u00e1rios dos servidores p\u00fablicos municipais, referente ao m\u00eas de julho, nesta sexta-feira, 28. O an\u00fancio foi feito pelo prefeito Edvaldo Nogueira, atrav\u00e9s de transmiss\u00e3o ao vivo pela internet, nesta ter\u00e7a-feira, 25. De acordo com o gestor, todos os trabalhadores da administra\u00e7\u00e3o direta, indireta e dos \u00f3rg\u00e3os das empresas municipais [&hellip;]<\/p>\n","protected":false},"author":6557,"featured_media":0,"comment_status":"closed","ping_status":"closed","sticky":false,"template":"","format":"standard","meta":{"footnotes":""},"categories":[15,6],"tags":[698,213,39531],"class_list":{"0":"post-138223","1":"post","2":"type-post","3":"status-publish","4":"format-standard","6":"category-destaques","7":"category-politica","8":"tag-edvaldo-nogueira","9":"tag-prefeitura-de-aracaju","10":"tag-salario-dos-servidores-municipais"},"_links":{"self":[{"href":"https:\/\/senoticias.com.br\/se\/wp-json\/wp\/v2\/posts\/138223"}],"collection":[{"href":"https:\/\/senoticias.com.br\/se\/wp-json\/wp\/v2\/posts"}],"about":[{"href":"https:\/\/senoticias.com.br\/se\/wp-json\/wp\/v2\/types\/post"}],"author":[{"embeddable":true,"href":"https:\/\/senoticias.com.br\/se\/wp-json\/wp\/v2\/users\/6557"}],"replies":[{"embeddable":true,"href":"https:\/\/senoticias.com.br\/se\/wp-json\/wp\/v2\/comments?post=138223"}],"version-history":[{"count":0,"href":"https:\/\/senoticias.com.br\/se\/wp-json\/wp\/v2\/posts\/138223\/revisions"}],"wp:attachment":[{"href":"https:\/\/senoticias.com.br\/se\/wp-json\/wp\/v2\/media?parent=138223"}],"wp:term":[{"taxonomy":"category","embeddable":true,"href":"https:\/\/senoticias.com.br\/se\/wp-json\/wp\/v2\/categories?post=138223"},{"taxonomy":"post_tag","embeddable":true,"href":"https:\/\/senoticias.com.br\/se\/wp-json\/wp\/v2\/tags?post=138223"}],"curies":[{"name":"wp","href":"https:\/\/api.w.org\/{rel}","templated":true}]}}